{"id":10024,"date":"2024-07-09T09:48:15","date_gmt":"2024-07-09T07:48:15","guid":{"rendered":"https:\/\/optio.ruhr-uni-bochum.de\/?p=10024"},"modified":"2024-07-10T10:28:47","modified_gmt":"2024-07-10T08:28:47","slug":"ein-grund-zur-freude-das-musische-zentrum-feiert-40-jaehriges-jubilaeum","status":"publish","type":"post","link":"https:\/\/optio.ruhr-uni-bochum.de\/index.php\/ein-grund-zur-freude-das-musische-zentrum-feiert-40-jaehriges-jubilaeum\/","title":{"rendered":"Ein Grund zur Freude: Das Musische Zentrum feiert 40-j\u00e4hriges Jubil\u00e4um"},"content":{"rendered":"\n<p class=\"has-medium-font-size\">Autorin: Anahit Mkrtchyan<\/p>\n\n\n\n<p class=\"has-medium-font-size\">W\u00e4hrend einzelne Lichtstrahlen durch die Atelierfenster fallen, erz\u00e4hlt Prof. Dr. Julian Kr\u00fcper, Akademischer Direktor des Musischen Zentrums (MZ), die Geschichte des Geb\u00e4udes, in dem wir uns gerade befinden. Mit der Errichtung des Institutsgeb\u00e4udes vor rund 40 Jahren wurde das MZ zu einem Ort der Begegnung, des Austausches und k\u00fcnstlerischen Erfahrung. Das Geb\u00e4ude steht seither am Eingang des Campus und begr\u00fc\u00dft t\u00e4glich von dort aus die Studierenden, Lehrenden und Universit\u00e4tsangeh\u00f6rigen.<\/p>\n\n\n\n<div class=\"wp-block-group\"><div class=\"wp-block-group__inner-container is-layout-constrained wp-block-group-is-layout-constrained\">\n<div class=\"wp-block-columns is-layout-flex wp-container-core-columns-is-layout-28f84493 wp-block-columns-is-layout-flex\">\n<div class=\"wp-block-column is-layout-flow wp-block-column-is-layout-flow\">\n<p class=\"has-medium-font-size\"><strong>Die Geburtsstunde des MZ<\/strong><\/p>\n\n\n\n<p class=\"has-medium-font-size\">Mit der Fertigstellung des Geb\u00e4udes 1984 wurde das k\u00fcnstlerische Angebot des Musischen Zentrums als ein fester Bestandteil im akademischen Alltags etabliert. Zwar gab es auch schon vor 1984 die M\u00f6glichkeit, an k\u00fcnstlerischen Seminaren teilzunehmen, allerdings b\u00fcndelt das Institutsgeb\u00e4ude des MZ dieses Angebot sowohl r\u00e4umlich, personell als auch institutionell. In dieser Form gibt es bundesweit keine vergleichbare Einrichtung, welche eigenst\u00e4ndig agiert und gleichzeitig von Anfang an als ein elementarer Bestandteil im Universit\u00e4tskonzept verankert war.<\/p>\n\n\n\n<p class=\"has-medium-font-size\"><strong>Haus der K\u00fcnste<\/strong><\/p>\n\n\n\n<p class=\"has-medium-font-size\">Auf den ersten Blick deutet zun\u00e4chst nichts darauf hin, dass es sich bei dem Geb\u00e4ude nicht um ein normales Universit\u00e4tsgeb\u00e4ude handelt. Denn von au\u00dfen f\u00fcgt sich das MZ in das architektonische Gesamtbild der RUB ein. Die wahre Magie des MZ entfaltet sich , wenn man das Geb\u00e4ude betritt. Jeder Raum ist einer anderen k\u00fcnstlerischen Disziplin gewidmet und besitzt damit seinen ganz eigenen Charme.<br>Das Musische Zentrum besteht aus den drei S\u00e4ulen Theater, Musik und Bildende Kunst. Diese Sparten spiegeln sich unter anderem auch in der architektonischen Gestaltung des Geb\u00e4udeinneren wider. Das lichtdurchflutete Atelier geh\u00f6rt neben dem gro\u00dfz\u00fcgigen Theatersaal und dem Chorprobensaal zu den wichtigsten R\u00e4umlichkeiten des Geb\u00e4udes. Aber auch die Probeb\u00fchne, der Kost\u00fcmfundus, das Fotostudio oder die Keramikwerkstatt zeigen das breite Spektrum der k\u00fcnstlerischen Disziplinen, die im Haus vertreten sind. Die einladende und nicht zuletzt inspirierende Atmosph\u00e4re macht das MZ zu dem, was es ist \u2013 ein Haus der K\u00fcnste.<\/p>\n<\/div>\n\n\n\n<div class=\"wp-block-column is-vertically-aligned-center is-layout-flow wp-block-column-is-layout-flow\" style=\"flex-basis:35%\">\n<figure class=\"wp-block-image size-large\"><img fetchpriority=\"high\" decoding=\"async\" width=\"768\" height=\"1024\" src=\"https:\/\/optio.ruhr-uni-bochum.de\/wp-content\/uploads\/2024\/07\/2.-Foto-768x1024.jpg\" alt=\"\" class=\"wp-image-10033\" srcset=\"https:\/\/optio.ruhr-uni-bochum.de\/wp-content\/uploads\/2024\/07\/2.-Foto-768x1024.jpg 768w, https:\/\/optio.ruhr-uni-bochum.de\/wp-content\/uploads\/2024\/07\/2.-Foto-225x300.jpg 225w, https:\/\/optio.ruhr-uni-bochum.de\/wp-content\/uploads\/2024\/07\/2.-Foto-1152x1536.jpg 1152w, https:\/\/optio.ruhr-uni-bochum.de\/wp-content\/uploads\/2024\/07\/2.-Foto.jpg 1440w\" sizes=\"(max-width: 768px) 100vw, 768px\" \/><figcaption class=\"wp-element-caption\">Prof. Dr. Julian Kr\u00fcper im Atelier des MZ \/\/ Foto: Anahit Mkrtchyan &nbsp;<\/figcaption><\/figure>\n<\/div>\n<\/div>\n<\/div><\/div>\n\n\n\n<figure class=\"wp-block-gallery has-nested-images columns-default is-cropped wp-block-gallery-1 is-layout-flex wp-block-gallery-is-layout-flex\">\n<figure class=\"wp-block-image size-large\"><img decoding=\"async\" width=\"768\" height=\"1024\" data-id=\"10040\" src=\"https:\/\/optio.ruhr-uni-bochum.de\/wp-content\/uploads\/2024\/07\/3.-Bild-768x1024.jpg\" alt=\"\" class=\"wp-image-10040\" srcset=\"https:\/\/optio.ruhr-uni-bochum.de\/wp-content\/uploads\/2024\/07\/3.-Bild-768x1024.jpg 768w, https:\/\/optio.ruhr-uni-bochum.de\/wp-content\/uploads\/2024\/07\/3.-Bild-225x300.jpg 225w, https:\/\/optio.ruhr-uni-bochum.de\/wp-content\/uploads\/2024\/07\/3.-Bild-1152x1536.jpg 1152w, https:\/\/optio.ruhr-uni-bochum.de\/wp-content\/uploads\/2024\/07\/3.-Bild.jpg 1440w\" sizes=\"(max-width: 768px) 100vw, 768px\" \/><figcaption class=\"wp-element-caption\">Chorprobenraum (MZ) \/\/ Foto: Anahit Mkrtchyan<\/figcaption><\/figure>\n\n\n\n<figure class=\"wp-block-image size-large\"><img decoding=\"async\" width=\"768\" height=\"1024\" data-id=\"10039\" src=\"https:\/\/optio.ruhr-uni-bochum.de\/wp-content\/uploads\/2024\/07\/4.-Bild-768x1024.jpg\" alt=\"\" class=\"wp-image-10039\" srcset=\"https:\/\/optio.ruhr-uni-bochum.de\/wp-content\/uploads\/2024\/07\/4.-Bild-768x1024.jpg 768w, https:\/\/optio.ruhr-uni-bochum.de\/wp-content\/uploads\/2024\/07\/4.-Bild-225x300.jpg 225w, https:\/\/optio.ruhr-uni-bochum.de\/wp-content\/uploads\/2024\/07\/4.-Bild-1152x1536.jpg 1152w, https:\/\/optio.ruhr-uni-bochum.de\/wp-content\/uploads\/2024\/07\/4.-Bild.jpg 1440w\" sizes=\"(max-width: 768px) 100vw, 768px\" \/><figcaption class=\"wp-element-caption\">Blitzlichtstudio (MZ) \/\/ Foto: Anahit Mkrtchyan<\/figcaption><\/figure>\n\n\n\n<figure class=\"wp-block-image size-large\"><img loading=\"lazy\" decoding=\"async\" width=\"768\" height=\"1024\" data-id=\"10041\" src=\"https:\/\/optio.ruhr-uni-bochum.de\/wp-content\/uploads\/2024\/07\/5.-Bild-768x1024.jpg\" alt=\"\" class=\"wp-image-10041\" srcset=\"https:\/\/optio.ruhr-uni-bochum.de\/wp-content\/uploads\/2024\/07\/5.-Bild-768x1024.jpg 768w, https:\/\/optio.ruhr-uni-bochum.de\/wp-content\/uploads\/2024\/07\/5.-Bild-225x300.jpg 225w, https:\/\/optio.ruhr-uni-bochum.de\/wp-content\/uploads\/2024\/07\/5.-Bild-1152x1536.jpg 1152w, https:\/\/optio.ruhr-uni-bochum.de\/wp-content\/uploads\/2024\/07\/5.-Bild.jpg 1440w\" sizes=\"(max-width: 768px) 100vw, 768px\" \/><figcaption class=\"wp-element-caption\">Theatersaal (MZ) \/\/ Foto: Anahit Mkrtchyan<\/figcaption><\/figure>\n<\/figure>\n\n\n\n<div style=\"height:2em\" aria-hidden=\"true\" class=\"wp-block-spacer\"><\/div>\n\n\n\n<div class=\"wp-block-columns is-layout-flex wp-container-core-columns-is-layout-28f84493 wp-block-columns-is-layout-flex\">\n<div class=\"wp-block-column is-vertically-aligned-center is-layout-flow wp-block-column-is-layout-flow\" style=\"flex-basis:40%\">\n<figure class=\"wp-block-image size-large\"><img loading=\"lazy\" decoding=\"async\" width=\"768\" height=\"1024\" src=\"https:\/\/optio.ruhr-uni-bochum.de\/wp-content\/uploads\/2024\/07\/1.-Bild-1-768x1024.jpg\" alt=\"\" class=\"wp-image-10028\" srcset=\"https:\/\/optio.ruhr-uni-bochum.de\/wp-content\/uploads\/2024\/07\/1.-Bild-1-768x1024.jpg 768w, https:\/\/optio.ruhr-uni-bochum.de\/wp-content\/uploads\/2024\/07\/1.-Bild-1-225x300.jpg 225w, https:\/\/optio.ruhr-uni-bochum.de\/wp-content\/uploads\/2024\/07\/1.-Bild-1-1152x1536.jpg 1152w, https:\/\/optio.ruhr-uni-bochum.de\/wp-content\/uploads\/2024\/07\/1.-Bild-1.jpg 1440w\" sizes=\"(max-width: 768px) 100vw, 768px\" \/><figcaption class=\"wp-element-caption\">Musisches Zentrum, Au\u00dfenfassade \/\/ Foto: Anahit Mkrtchyan<\/figcaption><\/figure>\n<\/div>\n\n\n\n<div class=\"wp-block-column is-layout-flow wp-block-column-is-layout-flow\">\n<p class=\"has-medium-font-size\"><strong>Kunst betrachten, erforschen und schaffen<\/strong><\/p>\n\n\n\n<p class=\"has-medium-font-size\">Im Zentrum einer jeden Universit\u00e4t steht die wissenschaftliche Lehre und Forschung. Das Musische Zentrum erweitert diesen Anspruch und macht die RUB zu einem Ort, an dem das Schaffen von Wissen und Kunst aufeinandertreffen. Denn Kunst und Wissenschaft sind keine getrennten und gegens\u00e4tzlichen Bereiche, sondern vielmehr zwei Aspekte des menschlichen Strebens nach Erkenntnis. Das MZ \u201ebietet eine Alternative der Pers\u00f6nlichkeitsbildung \u2013 eben nicht nur kognitiv, sondern auch musisch\u201c erkl\u00e4rt Prof. Dr. Julian Kr\u00fcper. Und genau diese Erfahrung k\u00f6nnen Studierende, Lehrende und Angestellte im Musischen Zentrum machen. So k\u00f6nnen alle Angeh\u00f6rigen der RUB in verschiedenen Ch\u00f6ren, Ensembles und Projekten mitwirken. In Kooperation mit dem Optionalbereich der RUB bietet das MZ au\u00dferdem jedes Semester Module, in der vorlesungsfreien Zeit des \u00d6fteren auch als Summer Schools, an, die mit f\u00fcnf oder zehn Kreditpunkten kreditiert werden. Die in den Modulen entwickelten Projekte und Kunstwerke werden zum Semesterabschluss aufgef\u00fchrt oder im Foyer ausgestellt. Wer sich unabh\u00e4ngig vom Studium k\u00fcnstlerisch bet\u00e4tigen m\u00f6chte, kann unterschiedliche <a href=\"https:\/\/mz-rub.de\/kurse-und-workshops\/\">Workshops und Kurse<\/a> besuchen. Au\u00dferdem stehen allen Universit\u00e4tsangeh\u00f6rigen Proben -und \u00dcbungsr\u00e4ume sowie das technische Equipment oder Requisiten des Musischen Zentrums zur Verf\u00fcgung. Diese k\u00f6nnen beispielsweise f\u00fcr eigene Projekte gebucht werden. Zudem k\u00f6nnen Studierende voraussichtlich ab dem Wintersemester 2024\/25 das Zertifikat \u201eKunst, Kultur, \u00c4sthetik\u201c erwerben, welches das Musische Zentrum in Kooperation mit der Fakult\u00e4t f\u00fcr Sportwissenschaft entwickelt. Informationen zu allen genannten Angeboten finden Interessierte auf der <a href=\"https:\/\/mz-rub.de\/musisches_zentrum\/\">Website des MZ<\/a> oder in der <a href=\"https:\/\/module.optio.ruhr-uni-bochum.de\/modules\">Modulsuche des Optionalbereichs<\/a>.<\/p>\n<\/div>\n<\/div>\n\n\n\n<p class=\"has-medium-font-size\"><strong>Das Musische Zentrum feiert!<\/strong><\/p>\n\n\n\n<p class=\"has-medium-font-size\">Anl\u00e4sslich seines 40-j\u00e4hrigen Bestehens hatte das Musische Zentrum f\u00fcr das Sommersemester 2024 verschiedene Veranstaltungen geplant. Am 29. Mai lud das MZ zur Festveranstaltung \u201e40 Jahre Kunst an der RUB in den R\u00e4umen des Musischen Zentrums\u201c ein. Teil der Veranstaltung war ein gef\u00fchrter Rundgang durch das Geb\u00e4ude sowie zahlreiche Redebeitr\u00e4ge, unter anderem von Prof. Dr. Julian Kr\u00fcper und dem Rektor der Ruhr-Universit\u00e4t, Prof. Dr. Martin Paul. Die Ringvorlesung \u201eKunst verstehen! Kunst verstehen?\u201c fand ebenfalls anl\u00e4sslich des Jubil\u00e4ums im Sommersemester 2024 statt. Hier wurden Fragen zur Bedeutung, zum Erfahren und Verstehen von Kunst mit renommierten G\u00e4sten behandelt. Einen weiteren H\u00f6hepunkt stellte die Inszenierung von Shakespeares \u201eSommernachtstraum\u201c am 2. Juni im Audimax dar, eine gemeinsame Produktion der drei Bereiche Musik, Theater und Bildende Kunst, deren Bereichsleiter*innen und zahlreicher engagierter Studierender.<\/p>\n\n\n\n<p class=\"has-medium-font-size\">Das Musische Zentrum hat im Sommersemester 2024 durch zahlreiche Jubil\u00e4umsveranstaltungen zum 40-j\u00e4hrigen Bestehen bewiesen, dass es Grund zur Freude gibt und die Begr\u00fc\u00dfung auf der Homepage des MZ Programm ist: \u201eWir schaffen Freir\u00e4ume f\u00fcr Kreativit\u00e4t und Austausch. Ob als Publikum oder Mitwirkende: Herzlich willkommen im MZ!\u201c.<\/p>\n","protected":false},"excerpt":{"rendered":"<p>W\u00e4hrend einzelne Lichtstrahlen durch die Atelierfenster fallen, erz\u00e4hlt Prof. Dr. Julian Kr\u00fcper, Akademischer Direktor des Musischen Zentrums (MZ), die Geschichte des Geb\u00e4udes, in dem wir uns gerade befinden. Mit der Errichtung des Institutsgeb\u00e4udes vor rund 40 Jahren wurde das MZ zu einem Ort der Begegnung, des Austausches und k\u00fcnstlerischen Erfahrung.<\/p>\n","protected":false},"author":1,"featured_media":10026,"comment_status":"closed","ping_status":"closed","sticky":false,"template":"","format":"standard","meta":{"_themeisle_gutenberg_block_has_review":false,"footnotes":""},"categories":[28],"tags":[],"class_list":["post-10024","post","type-post","status-publish","format-standard","has-post-thumbnail","hentry","category-optioinside"],"_links":{"self":[{"href":"https:\/\/optio.ruhr-uni-bochum.de\/index.php\/wp-json\/wp\/v2\/posts\/10024","targetHints":{"allow":["GET"]}}],"collection":[{"href":"https:\/\/optio.ruhr-uni-bochum.de\/index.php\/wp-json\/wp\/v2\/posts"}],"about":[{"href":"https:\/\/optio.ruhr-uni-bochum.de\/index.php\/wp-json\/wp\/v2\/types\/post"}],"author":[{"embeddable":true,"href":"https:\/\/optio.ruhr-uni-bochum.de\/index.php\/wp-json\/wp\/v2\/users\/1"}],"replies":[{"embeddable":true,"href":"https:\/\/optio.ruhr-uni-bochum.de\/index.php\/wp-json\/wp\/v2\/comments?post=10024"}],"version-history":[{"count":28,"href":"https:\/\/optio.ruhr-uni-bochum.de\/index.php\/wp-json\/wp\/v2\/posts\/10024\/revisions"}],"predecessor-version":[{"id":10062,"href":"https:\/\/optio.ruhr-uni-bochum.de\/index.php\/wp-json\/wp\/v2\/posts\/10024\/revisions\/10062"}],"wp:featuredmedia":[{"embeddable":true,"href":"https:\/\/optio.ruhr-uni-bochum.de\/index.php\/wp-json\/wp\/v2\/media\/10026"}],"wp:attachment":[{"href":"https:\/\/optio.ruhr-uni-bochum.de\/index.php\/wp-json\/wp\/v2\/media?parent=10024"}],"wp:term":[{"taxonomy":"category","embeddable":true,"href":"https:\/\/optio.ruhr-uni-bochum.de\/index.php\/wp-json\/wp\/v2\/categories?post=10024"},{"taxonomy":"post_tag","embeddable":true,"href":"https:\/\/optio.ruhr-uni-bochum.de\/index.php\/wp-json\/wp\/v2\/tags?post=10024"}],"curies":[{"name":"wp","href":"https:\/\/api.w.org\/{rel}","templated":true}]}}