{"id":11070,"date":"2025-02-04T09:28:38","date_gmt":"2025-02-04T08:28:38","guid":{"rendered":"https:\/\/optio.ruhr-uni-bochum.de\/?p=11070"},"modified":"2025-02-05T13:04:03","modified_gmt":"2025-02-05T12:04:03","slug":"studium-lehre-forschung-wenn-studierende-sozialwissenschaftlichen-themen-in-der-forschung-nachgehen","status":"publish","type":"post","link":"https:\/\/optio.ruhr-uni-bochum.de\/index.php\/studium-lehre-forschung-wenn-studierende-sozialwissenschaftlichen-themen-in-der-forschung-nachgehen\/","title":{"rendered":"Studium, Lehre, Forschung \u2013 Wenn Studierende sozialwissenschaftlichen Themen in der Forschung nachgehen"},"content":{"rendered":"\n<div class=\"wp-block-group has-medium-font-size\"><div class=\"wp-block-group__inner-container is-layout-constrained wp-block-group-is-layout-constrained\">\n<p>Autorin: Carina Christensen |&nbsp;Titelbild: StockSnap<\/p>\n\n\n\n<p>Du bist Studierender oder Studierende an der RUB und wei\u00dft noch nicht, was du f\u00fcr den Optionalbereich machen willst? Der Aspekt der selbstst\u00e4ndigen Forschung und sozialwissenschaftliche Fragen interessieren dich, du wei\u00dft jedoch nicht, wie du einen Zugang findest? Das Modul Profil Forschung &#8211; Sozialwissenschaft des Optionalbereich bietet dir die perfekte L\u00f6sung.<\/p>\n\n\n\n<p><strong>Wenn Forschung auf Lehre trifft \u2013 Das Profil Forschung im Optionalbereich<\/strong><\/p>\n\n\n\n<div class=\"wp-block-columns is-layout-flex wp-container-core-columns-is-layout-28f84493 wp-block-columns-is-layout-flex\">\n<div class=\"wp-block-column is-vertically-aligned-center is-layout-flow wp-block-column-is-layout-flow\" style=\"flex-basis:35%\"><div class=\"wp-block-image\">\n<figure class=\"aligncenter size-full is-resized\"><img fetchpriority=\"high\" decoding=\"async\" width=\"1000\" height=\"1000\" src=\"https:\/\/optio.ruhr-uni-bochum.de\/wp-content\/uploads\/2022\/01\/7Zeichenflaeche-1.png\" alt=\"\" class=\"wp-image-3631\" style=\"width:267px;height:auto\" srcset=\"https:\/\/optio.ruhr-uni-bochum.de\/wp-content\/uploads\/2022\/01\/7Zeichenflaeche-1.png 1000w, https:\/\/optio.ruhr-uni-bochum.de\/wp-content\/uploads\/2022\/01\/7Zeichenflaeche-1-300x300.png 300w, https:\/\/optio.ruhr-uni-bochum.de\/wp-content\/uploads\/2022\/01\/7Zeichenflaeche-1-150x150.png 150w, https:\/\/optio.ruhr-uni-bochum.de\/wp-content\/uploads\/2022\/01\/7Zeichenflaeche-1-768x768.png 768w\" sizes=\"(max-width: 1000px) 100vw, 1000px\" \/><\/figure>\n<\/div><\/div>\n\n\n\n<div class=\"wp-block-column is-layout-flow wp-block-column-is-layout-flow\" style=\"flex-basis:65%\">\n<p>Wer gerade neu anf\u00e4ngt zu studieren, hat sich mit ihm vielleicht noch nicht so genau auseinandergesetzt, wer schon l\u00e4nger studiert, kennt ihn schon: den Optionalbereich. Mit seinen zahlreichen Profilen und Modulen hat er einiges zu bieten, speziell auch denen, die einen Einblick in die Forschung erhalten m\u00f6chten.<\/p>\n\n\n\n<p>Das Profil Forschung m\u00f6chte f\u00fcr die Studierenden Lehre und Forschung zusammenbringen und zum eigenst\u00e4ndigen Arbeiten und dem kritischen Auseinandersetzen mit Wissensbestand anregen. Allein gelassen wird man jedoch nicht, das jeweilige Modul und deine Forschungsarbeit finden in enger Absprache mit deinem bzw. deiner Mentor \/ Mentorin statt.<\/p>\n<\/div>\n<\/div>\n\n\n\n<p>Das Profil bietet sich vor allem dann f\u00fcr dich an, wenn du dir wissenschaftliche Forschungsmethoden, Methoden- und Handlungskompetenzen aneignen und fachliche Grundlagen vertiefen willst. Sollte dir ein allgemeiner Ansatz nicht gen\u00fcgen und du dich f\u00fcr sozialwissenschaftliche Themen interessierst, ist das Modul Profil Forschung &#8211; Sozialwissenschaft genau richtig f\u00fcr dich.<\/p>\n\n\n\n<p><strong>Der Schwerpunkt Sozialwissenschaft<\/strong><\/p>\n\n\n\n<p>Das \u00e4hnliche benannte Modul mit dem Schwerpunkt Sozialwissenschaft entstand im Sommersemester 2017, nachdem erkannt wurde, dass viele Fakult\u00e4ten kaum oder nur wenig Module f\u00fcr das Profil Forschung anbieten.<\/p>\n\n\n\n<p>Die Veranstaltungen in den Sozialwissenschaften und die daraus resultierenden Forschungsfragen sind vielf\u00e4ltig und k\u00f6nnen sich \u00fcber das gesamte Spektrum der Sozialwissenschaft erstrecken: Soziologie, Politikwissenschaft, Sozial\u00f6konomik, Sozialpolitik, Sozial- und Kulturpsychologie sowie Sozial- und Kulturanthropologie.<\/p>\n\n\n\n<p>Die aktuellen Veranstaltungen kannst du in <a href=\"https:\/\/vvz.ruhr-uni-bochum.de\/campus\/all\/module.asp?gguid=0x6F008FE0D4624517BC51CD16E7E8F0D5\">eCampus<\/a> finden. In der Regel finden pro Semester vier m\u00f6gliche Module statt.<\/p>\n\n\n\n<p><strong>Was m\u00fcsst ihr tun?<\/strong><\/p>\n\n\n\n<div class=\"wp-block-columns is-layout-flex wp-container-core-columns-is-layout-28f84493 wp-block-columns-is-layout-flex\">\n<div class=\"wp-block-column is-layout-flow wp-block-column-is-layout-flow\" style=\"flex-basis:60%\">\n<p>Das Modul setzt sich aus zwei Teilen zusammen. Zum einen aus dem Empiriemodul, dass sich \u00fcber zwei Semester erstreckt und 15 CP ausmacht. Dieses Empiriemodul besteht im Normalfall aus einem zweisemestrigen Forschungsseminar und deiner eigenst\u00e4ndigen Arbeit mit entsprechender Betreuung.<\/p>\n\n\n\n<p>Im ersten Semester wird von den Studierenden eine unbenotete Leistung im Forschungsseminar erbracht. Hier steht vor allem die aktive Teilnahme, der Lernprozess und der Erwerb einer theoretischen Basis im Vordergrund. Aufbauend darauf dient das zweite Semester der Projektdurchf\u00fchrung, welche auf Absprache mit den Dozierenden erfolgt und der damit entsprechenden Projektausarbeitung. Diese kann die Form einer Hausarbeit oder eines l\u00e4ngeren Berichts haben. Die schriftliche Arbeit bildet abschlie\u00dfend die Note.<\/p>\n\n\n\n<p>F\u00fcr die \u00fcbrigen 5 CP wird ein weiteres Modul aus dem Angebot der Fakult\u00e4t f\u00fcr Sozialwissenschaft im Optionalbereich besucht, das individuell abgesprochen ist und zum Empiriemodul passt.<\/p>\n<\/div>\n\n\n\n<div class=\"wp-block-column is-vertically-aligned-center is-layout-flow wp-block-column-is-layout-flow\" style=\"flex-basis:40%\"><div class=\"wp-block-image ticss-93408163\">\n<figure class=\"aligncenter size-large is-resized\"><img decoding=\"async\" width=\"768\" height=\"1024\" src=\"https:\/\/optio.ruhr-uni-bochum.de\/wp-content\/uploads\/2025\/02\/Portraet-Inga-Bienert-768x1024.jpg\" alt=\"\" class=\"wp-image-11079\" style=\"width:288px;height:auto\" srcset=\"https:\/\/optio.ruhr-uni-bochum.de\/wp-content\/uploads\/2025\/02\/Portraet-Inga-Bienert-768x1024.jpg 768w, https:\/\/optio.ruhr-uni-bochum.de\/wp-content\/uploads\/2025\/02\/Portraet-Inga-Bienert-225x300.jpg 225w, https:\/\/optio.ruhr-uni-bochum.de\/wp-content\/uploads\/2025\/02\/Portraet-Inga-Bienert-1152x1536.jpg 1152w, https:\/\/optio.ruhr-uni-bochum.de\/wp-content\/uploads\/2025\/02\/Portraet-Inga-Bienert.jpg 1440w\" sizes=\"(max-width: 768px) 100vw, 768px\" \/><figcaption class=\"wp-element-caption\">Leitung f\u00fcr das Pr\u00fcfungsamt Sozialwissenschaft: <br>Frau Inga Bienert, M.A.<br>Foto: Carina Christensen<\/figcaption><\/figure>\n<\/div><\/div>\n<\/div>\n\n\n\n<p>Um dir den Verlauf zu erleichtern und ein genaues Ziel zu setzen, wird in vorheriger Absprache die Abfolge des Moduls individuell besprochen. Hierf\u00fcr ist neben den Dozent*innen vorrangig Frau Inga Bienert zust\u00e4ndig, die Ansprechpartnerin des Moduls.<\/p>\n\n\n\n<p>Die restlichen 10 CP im Optionalbereich k\u00f6nnen von dir frei erworben und gew\u00e4hlt werden. Es lohnt sich jedoch, eventuell nach Empfehlungen zu fragen und Module zu w\u00e4hlen, die dir im sp\u00e4teren Berufsleben weiterhelfen k\u00f6nnen.<\/p>\n\n\n\n<p><strong>Aber zuerst einmal die Bewerbung<\/strong><\/p>\n\n\n\n<p>Bewerben kann sich jeder ab dem 2. Studienjahr, der ein Interesse f\u00fcr Forschung und Sozialwissenschaft zeigt. Wenn du dich f\u00fcr das Modul interessierst, kannst du dich bei Frau Bienert mit einem Motivationsschreiben um die Teilnahme bewerben. Das Modul wird sowohl in Deutsch als auch in Englisch angeboten.<\/p>\n\n\n\n<p>Ausgenommen von diesem Modul sind Studierende des 1-Fach Bachelors und Masters der Sozialwissenschaft selbst, da Empiriemodule Bestandteil ihres Fachkurrikulums sind.<\/p>\n\n\n\n<p>Weitere Informationen zum Schwerpunkt Sozialwissenschaften findest du <a href=\"https:\/\/optio.ruhr-uni-bochum.de\/index.php\/profil-forschung\/\">hier<\/a>.<\/p>\n\n\n\n<p>Kontaktdaten Inga Bienert, M.A.<br>GD E1\/630<br>Fon: +49(0)234-32-29226<br><a href=\"mailto:inga.bienert+ecampus@rub.de\">inga.bienert+ecampus@rub.de<\/a> <br>Sprechstunde: per E-Mail &amp; telefonisch; auf Anfrage auch per Zoom oder pers\u00f6nlich m\u00f6glich (bitte Matrikelnummer mitsenden)<\/p>\n\n\n\n<p><\/p>\n\n\n\n<p><\/p>\n<\/div><\/div>\n","protected":false},"excerpt":{"rendered":"<p>Du bist Studierender oder Studierende an der RUB und wei\u00dft noch nicht, was du f\u00fcr den Optionalbereich machen willst? Der Aspekt der selbstst\u00e4ndigen Forschung und sozialwissenschaftliche Fragen interessieren dich, du wei\u00dft jedoch nicht, wie du einen Zugang findest? Das Modul Profil Forschung \u2013 Sozialwissenschaft des Optionalbereich bietet dir die perfekte L\u00f6sung.<\/p>\n","protected":false},"author":1,"featured_media":11097,"comment_status":"closed","ping_status":"closed","sticky":false,"template":"","format":"standard","meta":{"_themeisle_gutenberg_block_has_review":false,"footnotes":""},"categories":[28],"tags":[],"class_list":["post-11070","post","type-post","status-publish","format-standard","has-post-thumbnail","hentry","category-optioinside"],"_links":{"self":[{"href":"https:\/\/optio.ruhr-uni-bochum.de\/index.php\/wp-json\/wp\/v2\/posts\/11070","targetHints":{"allow":["GET"]}}],"collection":[{"href":"https:\/\/optio.ruhr-uni-bochum.de\/index.php\/wp-json\/wp\/v2\/posts"}],"about":[{"href":"https:\/\/optio.ruhr-uni-bochum.de\/index.php\/wp-json\/wp\/v2\/types\/post"}],"author":[{"embeddable":true,"href":"https:\/\/optio.ruhr-uni-bochum.de\/index.php\/wp-json\/wp\/v2\/users\/1"}],"replies":[{"embeddable":true,"href":"https:\/\/optio.ruhr-uni-bochum.de\/index.php\/wp-json\/wp\/v2\/comments?post=11070"}],"version-history":[{"count":30,"href":"https:\/\/optio.ruhr-uni-bochum.de\/index.php\/wp-json\/wp\/v2\/posts\/11070\/revisions"}],"predecessor-version":[{"id":11322,"href":"https:\/\/optio.ruhr-uni-bochum.de\/index.php\/wp-json\/wp\/v2\/posts\/11070\/revisions\/11322"}],"wp:featuredmedia":[{"embeddable":true,"href":"https:\/\/optio.ruhr-uni-bochum.de\/index.php\/wp-json\/wp\/v2\/media\/11097"}],"wp:attachment":[{"href":"https:\/\/optio.ruhr-uni-bochum.de\/index.php\/wp-json\/wp\/v2\/media?parent=11070"}],"wp:term":[{"taxonomy":"category","embeddable":true,"href":"https:\/\/optio.ruhr-uni-bochum.de\/index.php\/wp-json\/wp\/v2\/categories?post=11070"},{"taxonomy":"post_tag","embeddable":true,"href":"https:\/\/optio.ruhr-uni-bochum.de\/index.php\/wp-json\/wp\/v2\/tags?post=11070"}],"curies":[{"name":"wp","href":"https:\/\/api.w.org\/{rel}","templated":true}]}}