{"id":11497,"date":"2025-03-04T12:20:53","date_gmt":"2025-03-04T11:20:53","guid":{"rendered":"https:\/\/optio.ruhr-uni-bochum.de\/?p=11497"},"modified":"2025-03-04T12:22:21","modified_gmt":"2025-03-04T11:22:21","slug":"berufsfeldpraktikum-an-der-ruhr-universitat-bochum-sozial-emotionale-kompetenzen-im-daz-unterricht-fordern","status":"publish","type":"post","link":"https:\/\/optio.ruhr-uni-bochum.de\/index.php\/berufsfeldpraktikum-an-der-ruhr-universitat-bochum-sozial-emotionale-kompetenzen-im-daz-unterricht-fordern\/","title":{"rendered":"Berufsfeldpraktikum: Sozial-emotionale Kompetenzen im DaZ-Unterricht f\u00f6rdern"},"content":{"rendered":"\n<div class=\"wp-block-group has-medium-font-size\"><div class=\"wp-block-group__inner-container is-layout-constrained wp-block-group-is-layout-constrained\">\n<p>Ab dem Sommersemester 2025 haben Studierende die einmalige Gelegenheit, im <strong>Berufsfeldpraktikum: Sozial-emotionale Kompetenzen im DaZ-Unterricht f\u00f6rdern<\/strong> an der <strong>Ruhr-Universit\u00e4t Bochum<\/strong> praxisorientierte Erfahrungen in der Sprachf\u00f6rderung und der sozialen Integration von neu zugewanderten Sch\u00fclerinnen und Sch\u00fclern zu sammeln. \ud83d\udde3\ufe0f\ud83d\udcac<\/p>\n\n\n\n<h3 class=\"wp-block-heading\"><strong>Was erwartet Sie?<\/strong><\/h3>\n\n\n\n<p>In diesem Modul arbeiten Sie in 3er-Teams an verschiedenen Kooperationsschulen, um die sozial-emotionalen und sprachlichen F\u00e4higkeiten von gefl\u00fcchteten und neu zugewanderten Sch\u00fclerinnen und Sch\u00fclern zu f\u00f6rdern. Die praktische Arbeit wird durch <strong>intensive Workshops<\/strong> und eine <strong>enge Begleitung<\/strong> durch erfahrene Fachkr\u00e4fte unterst\u00fctzt. \ud83e\udd1d\ud83d\udcda<\/p>\n\n\n\n<p><strong>Modulaufbau:<\/strong><\/p>\n\n\n\n<ol class=\"wp-block-list\">\n<li><strong>Seminarphase:<\/strong> Sie werden in Blocklehrveranstaltungen auf die Praxis vorbereitet, u.a. zu Themen wie <strong>Sozial-emotionalem Lernen<\/strong>, <strong>Traumap\u00e4dagogik<\/strong> und <strong>Migrationsp\u00e4dagogik<\/strong>. \ud83e\udde0<\/li>\n\n\n\n<li><strong>Praxisphase:<\/strong> In dieser Phase f\u00fchren Sie <strong>w\u00f6chentliche Workshops<\/strong> durch, hospitieren an den Schulen und reflektieren Ihre Erfahrungen in <strong>Begleitseminaren<\/strong>. \ud83c\udfeb\ud83c\udfa4<\/li>\n<\/ol>\n\n\n\n<h3 class=\"wp-block-heading\"><strong>Lernziele \ud83c\udfaf<\/strong><\/h3>\n\n\n\n<p>Sie erwerben wichtige Kompetenzen in der <strong>Sprachf\u00f6rderung<\/strong> und der <strong>sozial-emotionalen F\u00f6rderung<\/strong> von neu zugewanderten Sch\u00fclerinnen und Sch\u00fclern. Dazu geh\u00f6rt auch die Auseinandersetzung mit migrationsp\u00e4dagogischen Themen und der Entwicklung von <strong>Reflexionskompetenz<\/strong> als Lehrkraft. \ud83c\udf0d\ud83d\udc69\u200d\ud83c\udfeb<\/p>\n\n\n\n<h3 class=\"wp-block-heading\"><strong>F\u00fcr wen ist das Modul geeignet?<\/strong><\/h3>\n\n\n\n<p>Das Praktikum ist f\u00fcr Studierende aller F\u00e4cher offen, die Interesse an der Arbeit mit <strong>Sprache<\/strong> und <strong>Kinder- und Jugendp\u00e4dagogik<\/strong> haben. Wenn Sie gerne in einem <strong>Team<\/strong> arbeiten, flexibel sind und sich f\u00fcr <strong>Migration und Integration<\/strong> interessieren, ist dieses Praktikum genau das Richtige f\u00fcr Sie! \ud83e\udd17<\/p>\n\n\n\n<h3 class=\"wp-block-heading\"><strong>Bewerbung und Anmeldung \ud83d\udcc5<\/strong><\/h3>\n\n\n\n<p>Die Anmeldung erfolgt im Rahmen einer <strong>verpflichtenden Informationsveranstaltung<\/strong>. Hier erhalten Sie alle notwendigen Informationen und Unterlagen zum Bewerbungsverfahren.<br>Die genauen Infos zur Veranstaltung und Bewerbung finden Sie im <strong>Vorlesungsverzeichnis der Ruhr-Universit\u00e4t Bochum<\/strong>:<br>\ud83d\udc49 <a href=\"https:\/\/vvz.ruhr-uni-bochum.de\/campus\/all\/module.asp?gguid=0xD7FCCD89BAF34C6B88E3A2DBB950E779\">Berufsfeldpraktikum im Vorlesungsverzeichnis<\/a><\/p>\n\n\n\n<p>Nutzen Sie die Gelegenheit, praxisorientierte Erfahrungen zu sammeln und einen wichtigen Beitrag zur schulischen Integration zu leisten! \ud83c\udf31\ud83c\udf0d<\/p>\n<\/div><\/div>\n","protected":false},"excerpt":{"rendered":"<p>Ab dem Sommersemester 2025 haben Studierende die einmalige Gelegenheit, im Berufsfeldpraktikum: Sozial-emotionale Kompetenzen im DaZ-Unterricht f\u00f6rdern an der Ruhr-Universit\u00e4t Bochum praxisorientierte Erfahrungen in der Sprachf\u00f6rderung und der sozialen Integration von neu zugewanderten Sch\u00fclerinnen und Sch\u00fclern zu sammeln. \ud83d\udde3\ufe0f\ud83d\udcac<\/p>\n","protected":false},"author":1,"featured_media":4830,"comment_status":"closed","ping_status":"closed","sticky":false,"template":"","format":"standard","meta":{"_themeisle_gutenberg_block_has_review":false,"footnotes":""},"categories":[1],"tags":[],"class_list":["post-11497","post","type-post","status-publish","format-standard","has-post-thumbnail","hentry","category-neuigkeiten"],"_links":{"self":[{"href":"https:\/\/optio.ruhr-uni-bochum.de\/index.php\/wp-json\/wp\/v2\/posts\/11497","targetHints":{"allow":["GET"]}}],"collection":[{"href":"https:\/\/optio.ruhr-uni-bochum.de\/index.php\/wp-json\/wp\/v2\/posts"}],"about":[{"href":"https:\/\/optio.ruhr-uni-bochum.de\/index.php\/wp-json\/wp\/v2\/types\/post"}],"author":[{"embeddable":true,"href":"https:\/\/optio.ruhr-uni-bochum.de\/index.php\/wp-json\/wp\/v2\/users\/1"}],"replies":[{"embeddable":true,"href":"https:\/\/optio.ruhr-uni-bochum.de\/index.php\/wp-json\/wp\/v2\/comments?post=11497"}],"version-history":[{"count":2,"href":"https:\/\/optio.ruhr-uni-bochum.de\/index.php\/wp-json\/wp\/v2\/posts\/11497\/revisions"}],"predecessor-version":[{"id":11499,"href":"https:\/\/optio.ruhr-uni-bochum.de\/index.php\/wp-json\/wp\/v2\/posts\/11497\/revisions\/11499"}],"wp:featuredmedia":[{"embeddable":true,"href":"https:\/\/optio.ruhr-uni-bochum.de\/index.php\/wp-json\/wp\/v2\/media\/4830"}],"wp:attachment":[{"href":"https:\/\/optio.ruhr-uni-bochum.de\/index.php\/wp-json\/wp\/v2\/media?parent=11497"}],"wp:term":[{"taxonomy":"category","embeddable":true,"href":"https:\/\/optio.ruhr-uni-bochum.de\/index.php\/wp-json\/wp\/v2\/categories?post=11497"},{"taxonomy":"post_tag","embeddable":true,"href":"https:\/\/optio.ruhr-uni-bochum.de\/index.php\/wp-json\/wp\/v2\/tags?post=11497"}],"curies":[{"name":"wp","href":"https:\/\/api.w.org\/{rel}","templated":true}]}}