{"id":11673,"date":"2025-05-12T09:11:03","date_gmt":"2025-05-12T07:11:03","guid":{"rendered":"https:\/\/optio.ruhr-uni-bochum.de\/?p=11673"},"modified":"2025-05-12T09:12:36","modified_gmt":"2025-05-12T07:12:36","slug":"aussicht-lehramt-lehramtsstudierende-berichten-aus-ihren-faechern-20-05-26-05-27-05-03-06-2025-online","status":"publish","type":"post","link":"https:\/\/optio.ruhr-uni-bochum.de\/index.php\/aussicht-lehramt-lehramtsstudierende-berichten-aus-ihren-faechern-20-05-26-05-27-05-03-06-2025-online\/","title":{"rendered":"\ud83c\udf93 AUS:SICHT Lehramt \u2013 Lehramtsstudierende berichten aus ihren F\u00e4chern \ud83d\udcc5 20.05., 26.05., 27.05. &amp; 03.06.2025 | \ud83d\udcbb Online"},"content":{"rendered":"\n<div class=\"wp-block-group has-medium-font-size\"><div class=\"wp-block-group__inner-container is-layout-constrained wp-block-group-is-layout-constrained\">\n<p>Sie interessieren sich f\u00fcr ein Lehramtsstudium und m\u00f6chten mehr \u00fcber die einzelnen F\u00e4cher und deren Inhalte erfahren? Dann laden wir Sie herzlich zur Veranstaltungsreihe <strong>AUS:SICHT Lehramt \u2013 F\u00e4cher<\/strong> ein!<\/p>\n\n\n\n<p>\ud83d\udc49 Lehramtsstudierende geben Ihnen pers\u00f6nliche Einblicke in ihr Studium:<\/p>\n\n\n\n<ul class=\"wp-block-list\">\n<li>Wie unterscheidet sich das Studium vom Schulalltag?<\/li>\n\n\n\n<li>Welche fachwissenschaftlichen und lehramtsbezogenen Inhalte erwarten Sie?<\/li>\n\n\n\n<li>Welche F\u00e4cherkombination passt zu Ihren Interessen und Zielen?<\/li>\n<\/ul>\n\n\n\n<p>\ud83d\udcac <strong>Nutzen Sie die Gelegenheit, Ihre Fragen zu stellen, sich auszutauschen und vielleicht auch neue F\u00e4cher zu entdecken, die Ihnen bisher nicht begegnet sind.<\/strong><\/p>\n\n\n\n<hr class=\"wp-block-separator has-alpha-channel-opacity\"\/>\n\n\n\n<h3 class=\"wp-block-heading\">\ud83d\udccc Termine im \u00dcberblick<\/h3>\n\n\n\n<p><strong>\ud83d\udce3 Auftakt am 20.05.2025 (Dienstag) | 17:00 \u2013 18:00 Uhr<\/strong><br><strong>\ud83d\udccd Fach: Bildungswissenschaften<\/strong><br>\ud83d\udcf1 Insta-Live + Zoom<br>Den Start macht das Pflichtfach <em>Bildungswissenschaften<\/em>, das f\u00fcr alle Lehramtsstudierenden relevant ist. Eine Lehrerin und Studierende berichten aus Theorie und Praxis.<\/p>\n\n\n\n<hr class=\"wp-block-separator has-alpha-channel-opacity\"\/>\n\n\n\n<p><strong>\ud83d\udcda Weitere Termine via Zoom (jeweils 16:30 \u2013 18:30 Uhr):<\/strong><\/p>\n\n\n\n<ul class=\"wp-block-list\">\n<li><strong>26.05.2025 (Montag): (Fremd-)Sprachen<\/strong><br>z.\u202fB. Deutsch, Englisch, Franz\u00f6sisch, Spanisch, Russisch, Italienisch, Chinesisch<\/li>\n\n\n\n<li><strong>27.05.2025 (Dienstag): Naturwissenschaften<\/strong><br>z.\u202fB. Biologie, Chemie, Mathematik, Physik<\/li>\n\n\n\n<li><strong>03.06.2025 (Dienstag): Geistes- &amp; Sozialwissenschaften<\/strong><br>z.\u202fB. Geschichte, Geographie, P\u00e4dagogik, Sozialwissenschaften<\/li>\n<\/ul>\n\n\n\n<hr class=\"wp-block-separator has-alpha-channel-opacity\"\/>\n\n\n\n<p>\ud83d\udce5 <strong>Weitere Informationen und Anmeldung unter:<\/strong><br>\ud83d\udc49 <a class=\"\" href=\"https:\/\/pse.rub.de\/talents4teachers\/veranstaltungen\/anmeldung-aussicht-faecher\">pse.rub.de\/talents4teachers\/veranstaltungen\/anmeldung-aussicht-faecher<\/a><\/p>\n\n\n\n<p>\ud83d\uddbc Eine \u00dcbersicht aller Termine und F\u00e4cher finden Sie im beigef\u00fcgten <strong>Flyer<\/strong>.<\/p>\n<\/div><\/div>\n\n\n\n<figure class=\"wp-block-image size-large\"><img fetchpriority=\"high\" decoding=\"async\" width=\"724\" height=\"1024\" src=\"https:\/\/optio.ruhr-uni-bochum.de\/wp-content\/uploads\/2025\/05\/Flyer_AUSSICHT-Faecher_2025-1-724x1024.jpg\" alt=\"\" class=\"wp-image-11675\" srcset=\"https:\/\/optio.ruhr-uni-bochum.de\/wp-content\/uploads\/2025\/05\/Flyer_AUSSICHT-Faecher_2025-1-724x1024.jpg 724w, https:\/\/optio.ruhr-uni-bochum.de\/wp-content\/uploads\/2025\/05\/Flyer_AUSSICHT-Faecher_2025-1-212x300.jpg 212w, https:\/\/optio.ruhr-uni-bochum.de\/wp-content\/uploads\/2025\/05\/Flyer_AUSSICHT-Faecher_2025-1-768x1087.jpg 768w, https:\/\/optio.ruhr-uni-bochum.de\/wp-content\/uploads\/2025\/05\/Flyer_AUSSICHT-Faecher_2025-1-1086x1536.jpg 1086w, https:\/\/optio.ruhr-uni-bochum.de\/wp-content\/uploads\/2025\/05\/Flyer_AUSSICHT-Faecher_2025-1.jpg 1357w\" sizes=\"(max-width: 724px) 100vw, 724px\" \/><\/figure>\n","protected":false},"excerpt":{"rendered":"<p>Sie interessieren sich f\u00fcr ein Lehramtsstudium und m\u00f6chten mehr \u00fcber die einzelnen F\u00e4cher und deren Inhalte erfahren? Dann laden wir Sie herzlich zur Veranstaltungsreihe AUS:SICHT Lehramt \u2013 F\u00e4cher ein!<\/p>\n","protected":false},"author":1,"featured_media":11674,"comment_status":"closed","ping_status":"closed","sticky":false,"template":"","format":"standard","meta":{"_themeisle_gutenberg_block_has_review":false,"footnotes":""},"categories":[1],"tags":[],"class_list":["post-11673","post","type-post","status-publish","format-standard","has-post-thumbnail","hentry","category-neuigkeiten"],"_links":{"self":[{"href":"https:\/\/optio.ruhr-uni-bochum.de\/index.php\/wp-json\/wp\/v2\/posts\/11673","targetHints":{"allow":["GET"]}}],"collection":[{"href":"https:\/\/optio.ruhr-uni-bochum.de\/index.php\/wp-json\/wp\/v2\/posts"}],"about":[{"href":"https:\/\/optio.ruhr-uni-bochum.de\/index.php\/wp-json\/wp\/v2\/types\/post"}],"author":[{"embeddable":true,"href":"https:\/\/optio.ruhr-uni-bochum.de\/index.php\/wp-json\/wp\/v2\/users\/1"}],"replies":[{"embeddable":true,"href":"https:\/\/optio.ruhr-uni-bochum.de\/index.php\/wp-json\/wp\/v2\/comments?post=11673"}],"version-history":[{"count":2,"href":"https:\/\/optio.ruhr-uni-bochum.de\/index.php\/wp-json\/wp\/v2\/posts\/11673\/revisions"}],"predecessor-version":[{"id":11677,"href":"https:\/\/optio.ruhr-uni-bochum.de\/index.php\/wp-json\/wp\/v2\/posts\/11673\/revisions\/11677"}],"wp:featuredmedia":[{"embeddable":true,"href":"https:\/\/optio.ruhr-uni-bochum.de\/index.php\/wp-json\/wp\/v2\/media\/11674"}],"wp:attachment":[{"href":"https:\/\/optio.ruhr-uni-bochum.de\/index.php\/wp-json\/wp\/v2\/media?parent=11673"}],"wp:term":[{"taxonomy":"category","embeddable":true,"href":"https:\/\/optio.ruhr-uni-bochum.de\/index.php\/wp-json\/wp\/v2\/categories?post=11673"},{"taxonomy":"post_tag","embeddable":true,"href":"https:\/\/optio.ruhr-uni-bochum.de\/index.php\/wp-json\/wp\/v2\/tags?post=11673"}],"curies":[{"name":"wp","href":"https:\/\/api.w.org\/{rel}","templated":true}]}}