{"id":11731,"date":"2025-05-16T10:00:00","date_gmt":"2025-05-16T08:00:00","guid":{"rendered":"https:\/\/optio.ruhr-uni-bochum.de\/?p=11731"},"modified":"2025-07-16T10:44:26","modified_gmt":"2025-07-16T08:44:26","slug":"60-jahre-ruhr-universitaet-bochum-48-jahre-queerfeministische-bibliothek-und-archiv-lieselle","status":"publish","type":"post","link":"https:\/\/optio.ruhr-uni-bochum.de\/index.php\/60-jahre-ruhr-universitaet-bochum-48-jahre-queerfeministische-bibliothek-und-archiv-lieselle\/","title":{"rendered":"60 Jahre Ruhr-Universit\u00e4t Bochum &#8211; 48 Jahre Queer*Feministische Bibliothek und Archiv LIESELLE"},"content":{"rendered":"\n<div class=\"wp-block-group has-medium-font-size\"><div class=\"wp-block-group__inner-container is-layout-constrained wp-block-group-is-layout-constrained\">\n<p><em>Ein Feature von Lili Fox | Titelbild (Beklebte T\u00fcr der LIESELLE): Lili Fox<\/em><\/p>\n\n\n\n<div class=\"wp-block-columns is-layout-flex wp-container-core-columns-is-layout-28f84493 wp-block-columns-is-layout-flex\">\n<div class=\"wp-block-column is-layout-flow wp-block-column-is-layout-flow\" style=\"flex-basis:50%\">\n<p>Ein kleiner Raum am Ende des gelb-grauen GA-Geb\u00e4udes, die T\u00fcr geschm\u00fcckt mit bunten Stickern: Auf den ersten Blick wirkt die LIESELLE wie eine enge, unscheinbare Bibliothek. Doch dieser Ort auf dem Campus der Ruhr-Universit\u00e4t Bochum bewahrt tausende feministische und queere Stimmen \u2013 Werke, die sonst vielleicht vergessen worden w\u00e4ren. Hier kommen StudentInnen, Aktivistinnen und Forscherinnen zusammen, um nicht nur archivarisch zu arbeiten, sondern auch politische Diskurse mitzuformen. Das stellt das Archiv jedoch auch vor Herausforderungen: Die Zukunftssicherung, die Digitalisierung und die fortlaufende Anpassung an feministische Diskurse sind zentrale Fragen, die die MitarbeiterInnen besch\u00e4ftigen.<\/p>\n<\/div>\n\n\n\n<div class=\"wp-block-column is-vertically-aligned-center is-layout-flow wp-block-column-is-layout-flow\" style=\"flex-basis:50%\">\n<figure class=\"wp-block-image size-large ticss-33166f06\"><img fetchpriority=\"high\" decoding=\"async\" width=\"1024\" height=\"627\" src=\"https:\/\/optio.ruhr-uni-bochum.de\/wp-content\/uploads\/2025\/05\/Foto2-Eingangsbereich-LIESELLE-in-GA-1024x627.jpg\" alt=\"\" class=\"wp-image-11733\" srcset=\"https:\/\/optio.ruhr-uni-bochum.de\/wp-content\/uploads\/2025\/05\/Foto2-Eingangsbereich-LIESELLE-in-GA-1024x627.jpg 1024w, https:\/\/optio.ruhr-uni-bochum.de\/wp-content\/uploads\/2025\/05\/Foto2-Eingangsbereich-LIESELLE-in-GA-300x184.jpg 300w, https:\/\/optio.ruhr-uni-bochum.de\/wp-content\/uploads\/2025\/05\/Foto2-Eingangsbereich-LIESELLE-in-GA-768x470.jpg 768w, https:\/\/optio.ruhr-uni-bochum.de\/wp-content\/uploads\/2025\/05\/Foto2-Eingangsbereich-LIESELLE-in-GA-1536x940.jpg 1536w, https:\/\/optio.ruhr-uni-bochum.de\/wp-content\/uploads\/2025\/05\/Foto2-Eingangsbereich-LIESELLE-in-GA.jpg 1560w\" sizes=\"(max-width: 1024px) 100vw, 1024px\" \/><figcaption class=\"wp-element-caption\">Eingang der LIESELLE: GA 02\/60 (Foto: Lili Fox)<\/figcaption><\/figure>\n<\/div>\n<\/div>\n\n\n\n<p><strong>Ein Archiv aus einer L\u00fccke heraus geboren<\/strong><\/p>\n\n\n\n<p>Es beginnt mit Frust. 1977: Die neue Frauenbewegung ist bereits in vollem Gange und auch in den G\u00e4ngen der Ruhr-Universit\u00e4t Bochum herrscht Unruhe. Eine Gruppe Geschichtsstudentinnen befasst sich mit einem Seminar zur Hexenverfolgung und erkennt: Die Darstellung ist m\u00e4nnlich gepr\u00e4gt, die Perspektiven von Frauen fehlen fast vollst\u00e4ndig &#8211; und das auch in vielen anderen Bereichen. Aus dieser L\u00fccke heraus gr\u00fcnden die Studentinnen eine Forschungsgruppe, um feministische Perspektiven und Frauengeschichte zu dokumentieren. Ein Jahr sp\u00e4ter folgt das Archiv, das sp\u00e4ter zur LIESELLE wird.<\/p>\n\n\n\n<p>Urspr\u00fcnglich als Frauenarchiv ins Leben gerufen und bezeichnet, entschied sich das Team 2023 f\u00fcr eine Umbenennung: Queer*Feministische Bibliothek und Archiv LIESELLE. Beg\u00fcm K. erkl\u00e4rt: \u201eWir reflektieren regelm\u00e4\u00dfig, wen wir \u00fcbersehen haben und wen wir einbeziehen m\u00fcssen\u201c. Auch Beg\u00fcm hat an der Ruhr-Universit\u00e4t unter anderem Geschichte im Bachelor studiert und ist eine von aktuell f\u00fcnf StudentInnen, die in der LIESELLE t\u00e4tig sind. Mittlerweile studiert sie Arabistik und Islamwissenschaft sowie vergleichende Literaturwissenschaft im Master. Beg\u00fcm betont: \u201eDie LIESELLE geht mit den Diskursen mit \u2013 die Umbenennung war eine bewusste Entscheidung, um sich klar gegen trans-exklusive feministische Str\u00f6mungen zu positionieren und queere Perspektiven sichtbarer zu machen.\u201c<\/p>\n\n\n\n<div class=\"wp-block-columns is-layout-flex wp-container-core-columns-is-layout-28f84493 wp-block-columns-is-layout-flex\">\n<div class=\"wp-block-column is-vertically-aligned-center is-layout-flow wp-block-column-is-layout-flow\" style=\"flex-basis:50%\"><div class=\"wp-block-image ticss-f35876cb\">\n<figure class=\"aligncenter size-large is-resized\"><img decoding=\"async\" width=\"820\" height=\"1024\" src=\"https:\/\/optio.ruhr-uni-bochum.de\/wp-content\/uploads\/2025\/05\/Foto3-kuenstlerische-Arbeit-aus-LateinAmerikaArchiv-820x1024.jpg\" alt=\"\" class=\"wp-image-11734\" style=\"width:290px;height:auto\" srcset=\"https:\/\/optio.ruhr-uni-bochum.de\/wp-content\/uploads\/2025\/05\/Foto3-kuenstlerische-Arbeit-aus-LateinAmerikaArchiv-820x1024.jpg 820w, https:\/\/optio.ruhr-uni-bochum.de\/wp-content\/uploads\/2025\/05\/Foto3-kuenstlerische-Arbeit-aus-LateinAmerikaArchiv-240x300.jpg 240w, https:\/\/optio.ruhr-uni-bochum.de\/wp-content\/uploads\/2025\/05\/Foto3-kuenstlerische-Arbeit-aus-LateinAmerikaArchiv-768x959.jpg 768w, https:\/\/optio.ruhr-uni-bochum.de\/wp-content\/uploads\/2025\/05\/Foto3-kuenstlerische-Arbeit-aus-LateinAmerikaArchiv.jpg 991w\" sizes=\"(max-width: 820px) 100vw, 820px\" \/><figcaption class=\"wp-element-caption\">Eine k\u00fcnstlerische Arbeit aus dem Lateinamerika-Archiv (Foto: Lili Fox)<\/figcaption><\/figure>\n<\/div><\/div>\n\n\n\n<div class=\"wp-block-column is-layout-flow wp-block-column-is-layout-flow\" style=\"flex-basis:50%\">\n<p><strong>Ein bewegtes Archiv f\u00fcr bewegte Geschichte<\/strong><\/p>\n\n\n\n<p>Seit ihren Anf\u00e4ngen hat die Sammlung stetig an Umfang und Bedeutung zugenommen. Heute umfasst sie mehr als 11.000 Werke: historische Zeitschriften der autonomen Frauen*Lesbenbewegung, k\u00fcnstlerische Arbeiten, wissenschaftliche Arbeiten, Flugbl\u00e4tter, Veranstaltungsank\u00fcndigungen und ein einzigartiges Lateinamerika-Archiv. Besonders bemerkenswert ist das FrauenLesbenRadio Funk\u2019n Flug, eine digitalisierte Sammlung von 46 Audiokassetten aus den 1990er Jahren \u2013 ein akustisches Zeugnis der lesbischen Bewegung im Ruhrgebiet.<\/p>\n\n\n\n<p>Einige Best\u00e4nde sind besonders pers\u00f6nlich: Buchschenkungen stammen teilweise von Bekannten der Gr\u00fcnderinnen, die ihre eigenen Sammlungen an die LIESELLE weitergegeben haben. F\u00fcr Beg\u00fcm zeichnet diese Besonderheit die Dynamik der LIESELLE aus.<\/p>\n<\/div>\n<\/div>\n\n\n\n<p><strong>Ein Ort f\u00fcr Forschung, Aktivismus und Austausch<\/strong><\/p>\n\n\n\n<p>Die LIESELLE ist nicht nur Archiv, sondern auch ein politischer Raum, ein Ort f\u00fcr gelebte Bewegungsgeschichte und ein Spiegel der feministischen K\u00e4mpfe der letzten Jahrzehnte. Wer sich mit queer*feministischen Themen besch\u00e4ftigen will, findet hier nicht nur B\u00fccher, sondern auch lebendige Geschichte und Menschen, die feministisches Wissen bewahren und weitertragen.<\/p>\n\n\n\n<div class=\"wp-block-columns is-layout-flex wp-container-core-columns-is-layout-28f84493 wp-block-columns-is-layout-flex\">\n<div class=\"wp-block-column is-layout-flow wp-block-column-is-layout-flow\" style=\"flex-basis:50%\">\n<p>Kooperationen mit dem atelier automatique oder der Oval Office Bar des Schauspielhaus Bochum bringen Archivmaterial in Ausstellungen und \u00f6ffentliche Veranstaltungen ein. \u201eEs ist uns wichtig, dass unser Archiv nicht nur als Lager verstanden wird\u201c, sagt Beg\u00fcm, \u201eEs soll genutzt werden\u201c. Die st\u00e4ndige Weiterentwicklung der LIESELLE beinhaltet au\u00dferdem das Sammeln von aktuellen Forschungsarbeiten und Literatur, die der Thematik neue Perspektiven verleihen &#8211; so k\u00f6nnen beispielsweise auch Abschlussarbeiten von Student*innen zur Erweiterung beitragen.<\/p>\n<\/div>\n\n\n\n<div class=\"wp-block-column is-vertically-aligned-center is-layout-flow wp-block-column-is-layout-flow\" style=\"flex-basis:50%\"><div class=\"wp-block-image ticss-1497e3dd\">\n<figure class=\"aligncenter size-large is-resized\"><img decoding=\"async\" width=\"1024\" height=\"684\" src=\"https:\/\/optio.ruhr-uni-bochum.de\/wp-content\/uploads\/2025\/05\/Foto4-Bibliotheksteil-LIESELLE-innen-1024x684.jpg\" alt=\"\" class=\"wp-image-11735\" style=\"width:340px;height:auto\" srcset=\"https:\/\/optio.ruhr-uni-bochum.de\/wp-content\/uploads\/2025\/05\/Foto4-Bibliotheksteil-LIESELLE-innen-1024x684.jpg 1024w, https:\/\/optio.ruhr-uni-bochum.de\/wp-content\/uploads\/2025\/05\/Foto4-Bibliotheksteil-LIESELLE-innen-300x200.jpg 300w, https:\/\/optio.ruhr-uni-bochum.de\/wp-content\/uploads\/2025\/05\/Foto4-Bibliotheksteil-LIESELLE-innen-768x513.jpg 768w, https:\/\/optio.ruhr-uni-bochum.de\/wp-content\/uploads\/2025\/05\/Foto4-Bibliotheksteil-LIESELLE-innen-1536x1027.jpg 1536w, https:\/\/optio.ruhr-uni-bochum.de\/wp-content\/uploads\/2025\/05\/Foto4-Bibliotheksteil-LIESELLE-innen-360x240.jpg 360w, https:\/\/optio.ruhr-uni-bochum.de\/wp-content\/uploads\/2025\/05\/Foto4-Bibliotheksteil-LIESELLE-innen.jpg 1616w\" sizes=\"(max-width: 1024px) 100vw, 1024px\" \/><figcaption class=\"wp-element-caption\">Bibliotheksteil der LIESELLE (Foto: Lili Fox)<\/figcaption><\/figure>\n<\/div><\/div>\n<\/div>\n\n\n\n<p><strong>Zukunftspl\u00e4ne und Herausforderungen<\/strong><\/p>\n\n\n\n<p>Ein Problem bleibt die langfristige institutionelle und finanzielle Absicherung. Die LIESELLE wird als Projekt des AStA gef\u00fchrt &#8211; von StudentInnen, die oft nur einige Jahre dabei sein k\u00f6nnen. \u201eWissenstransfer ist eine st\u00e4ndige Herausforderung\u201c, erz\u00e4hlt Beg\u00fcm. Auch spiegelt sich diese Dynamik in den \u00d6ffnungszeiten der LIESELLE wider: Sie \u00e4ndern sich jedes Semester, da sie an die Stundenpl\u00e4ne der StudentInnen angepasst werden, die hier arbeiten. In der vorlesungsfreien Zeit erfolgt der Zugang per Terminvergabe, damit die Best\u00e4nde trotz reduzierter Ressourcen zug\u00e4nglich bleiben.<\/p>\n\n\n\n<p>Ein damit einhergehendes Ziel: mehr Digitalisierung &#8211; mehr Zug\u00e4nglichkeit. Der Bestand ist nicht in klassische Bibliothekskataloge integriert, sondern \u00fcber den META-Katalog des Dachverband deutschsprachiger Frauen \/ Lesbenarchive, -bibliotheken und -dokumentationsstellen (i.d.a. Dachverband) auffindbar.<\/p>\n\n\n\n<div class=\"wp-block-columns is-layout-flex wp-container-core-columns-is-layout-28f84493 wp-block-columns-is-layout-flex\">\n<div class=\"wp-block-column is-vertically-aligned-center is-layout-flow wp-block-column-is-layout-flow\" style=\"flex-basis:50%\">\n<figure class=\"wp-block-image size-large ticss-36683ad5\"><img loading=\"lazy\" decoding=\"async\" width=\"1024\" height=\"684\" src=\"https:\/\/optio.ruhr-uni-bochum.de\/wp-content\/uploads\/2025\/05\/Foto5-Kategorisierungssystem-LIESELLE-1024x684.jpg\" alt=\"\" class=\"wp-image-11736\" srcset=\"https:\/\/optio.ruhr-uni-bochum.de\/wp-content\/uploads\/2025\/05\/Foto5-Kategorisierungssystem-LIESELLE-1024x684.jpg 1024w, https:\/\/optio.ruhr-uni-bochum.de\/wp-content\/uploads\/2025\/05\/Foto5-Kategorisierungssystem-LIESELLE-300x200.jpg 300w, https:\/\/optio.ruhr-uni-bochum.de\/wp-content\/uploads\/2025\/05\/Foto5-Kategorisierungssystem-LIESELLE-768x513.jpg 768w, https:\/\/optio.ruhr-uni-bochum.de\/wp-content\/uploads\/2025\/05\/Foto5-Kategorisierungssystem-LIESELLE-1536x1027.jpg 1536w, https:\/\/optio.ruhr-uni-bochum.de\/wp-content\/uploads\/2025\/05\/Foto5-Kategorisierungssystem-LIESELLE-360x240.jpg 360w, https:\/\/optio.ruhr-uni-bochum.de\/wp-content\/uploads\/2025\/05\/Foto5-Kategorisierungssystem-LIESELLE.jpg 1616w\" sizes=\"(max-width: 1024px) 100vw, 1024px\" \/><figcaption class=\"wp-element-caption\">Kategorisierungssystem der LIESELLE (Foto: Lili Fox)<\/figcaption><\/figure>\n<\/div>\n\n\n\n<div class=\"wp-block-column is-layout-flow wp-block-column-is-layout-flow\" style=\"flex-basis:50%\">\n<p>\u201eUnsere Archivierung unterscheidet sich von klassischen Kategorisierungssystemen\u201c, so Beg\u00fcm, \u201eWir setzen Schwerpunkte, die in klassischen Archiven oft untergehen\u201c. Projekte zur Digitalisierung, etwa \u00fcber das Digitale Deutsche Frauenarchiv (DDF), erm\u00f6glichen erste Schritte, doch ganzheitliche L\u00f6sungen fehlen bislang.<\/p>\n\n\n\n<p>Mehr Digitalisierung des Archivs w\u00fcrde au\u00dferdem mehr Schutz f\u00fcr die physischen, teils einzigartigen Best\u00e4nde bedeuten. Eine Herausforderung benennt Beg\u00fcm klar: \u201eWie archiviert und digitalisiert man Materialien, die \u00fcber klassische B\u00fccher hinausgehen, etwa pers\u00f6nliche Notizen, handgeschriebene Kataloge oder k\u00fcnstlerische Arbeiten?\u201c<\/p>\n<\/div>\n<\/div>\n\n\n\n<p><strong>Ein Ort, der Geschichten bewahrt \u2013 und weiterschreibt<\/strong><\/p>\n\n\n\n<p>Derzeit wird die LIESELLE haupts\u00e4chlich von StudentInnen und K\u00fcnstlerInnen genutzt, aber sie steht allen offen. F\u00fcr die Nutzung sind lediglich eine E-Mail-Adresse und ein Name zu hinterlegen. Die Kontaktaufnahme kann unkompliziert \u00fcber Instagram oder die Website erfolgen. Die MitarbeiterInnen unterst\u00fctzen zudem gerne bei der Literatursuche. Wer Material zu spezifischen queer*feministischen Themen ben\u00f6tigt, kann sich an sie wenden \u2013 sie helfen aktiv bei der Recherche in den Best\u00e4nden.<\/p>\n\n\n\n<p>Als Literaturempfehlung f\u00fcr EinsteigerInnen nennt Beg\u00fcm \u201eWe Are Everywhere: Protest, Power, and Pride in the History of Queer Liberation\u201c sowie den neu erschienenen Sammelband \u201eAktivistInnen im Archiv. Von den Anf\u00e4ngen der Frauenforschung bis zu queeren Interventionen\u201c, herausgegeben von Katja Teichmann, die selbst seit 2014 in der Queer*Feministischen Bibliothek und Archiv LIESELLE engagiert ist. Ein Werk, das Einblicke in feministische Archivarbeit bietet und verdeutlicht, warum es R\u00e4ume wie die LIESELLE auch in Zukunft braucht.<\/p>\n\n\n\n<p><strong>LINKS:<\/strong><\/p>\n\n\n\n<ul class=\"wp-block-list\">\n<li><a href=\"https:\/\/lieselle.asta-bochum.de\/bestandserweiterung\/\">Website &amp; Themenbereiche in denen die LIESELLE ihre Best\u00e4nde erweitern m\u00f6chte<\/a><\/li>\n\n\n\n<li><a href=\"https:\/\/www.meta-katalog.eu\/\">META-Katalog des i.d.a. Dachverbands<\/a><\/li>\n<\/ul>\n\n\n\n<p><em>Quelle: Interview mit Beg\u00fcm K.<\/em><\/p>\n<\/div><\/div>\n","protected":false},"excerpt":{"rendered":"<p>Ein kleiner Raum am Ende des gelb-grauen GA-Geb\u00e4udes, die T\u00fcr geschm\u00fcckt mit bunten Stickern: Auf den ersten Blick wirkt die LIESELLE wie eine enge, unscheinbare Bibliothek. Doch dieser Ort auf dem Campus der Ruhr-Universit\u00e4t Bochum bewahrt tausende feministische und queere Stimmen \u2013 Werke, die sonst vielleicht vergessen worden w\u00e4ren. Hier kommen Studentinnen, Aktivistinnen und Forscherinnen zusammen, um nicht nur archivarisch zu arbeiten, sondern auch politische Diskurse mitzuformen. Das stellt das Archiv jedoch auch vor Herausforderungen: Die Zukunftssicherung, die Digitalisierung und die fortlaufende Anpassung an feministische Diskurse sind zentrale Fragen, die die Mitarbeiterinnen besch\u00e4ftigen.<\/p>\n","protected":false},"author":1,"featured_media":11732,"comment_status":"closed","ping_status":"closed","sticky":false,"template":"","format":"standard","meta":{"_themeisle_gutenberg_block_has_review":false,"footnotes":""},"categories":[28],"tags":[],"class_list":["post-11731","post","type-post","status-publish","format-standard","has-post-thumbnail","hentry","category-optioinside"],"_links":{"self":[{"href":"https:\/\/optio.ruhr-uni-bochum.de\/index.php\/wp-json\/wp\/v2\/posts\/11731","targetHints":{"allow":["GET"]}}],"collection":[{"href":"https:\/\/optio.ruhr-uni-bochum.de\/index.php\/wp-json\/wp\/v2\/posts"}],"about":[{"href":"https:\/\/optio.ruhr-uni-bochum.de\/index.php\/wp-json\/wp\/v2\/types\/post"}],"author":[{"embeddable":true,"href":"https:\/\/optio.ruhr-uni-bochum.de\/index.php\/wp-json\/wp\/v2\/users\/1"}],"replies":[{"embeddable":true,"href":"https:\/\/optio.ruhr-uni-bochum.de\/index.php\/wp-json\/wp\/v2\/comments?post=11731"}],"version-history":[{"count":10,"href":"https:\/\/optio.ruhr-uni-bochum.de\/index.php\/wp-json\/wp\/v2\/posts\/11731\/revisions"}],"predecessor-version":[{"id":11944,"href":"https:\/\/optio.ruhr-uni-bochum.de\/index.php\/wp-json\/wp\/v2\/posts\/11731\/revisions\/11944"}],"wp:featuredmedia":[{"embeddable":true,"href":"https:\/\/optio.ruhr-uni-bochum.de\/index.php\/wp-json\/wp\/v2\/media\/11732"}],"wp:attachment":[{"href":"https:\/\/optio.ruhr-uni-bochum.de\/index.php\/wp-json\/wp\/v2\/media?parent=11731"}],"wp:term":[{"taxonomy":"category","embeddable":true,"href":"https:\/\/optio.ruhr-uni-bochum.de\/index.php\/wp-json\/wp\/v2\/categories?post=11731"},{"taxonomy":"post_tag","embeddable":true,"href":"https:\/\/optio.ruhr-uni-bochum.de\/index.php\/wp-json\/wp\/v2\/tags?post=11731"}],"curies":[{"name":"wp","href":"https:\/\/api.w.org\/{rel}","templated":true}]}}