{"id":11803,"date":"2025-05-22T10:00:00","date_gmt":"2025-05-22T08:00:00","guid":{"rendered":"https:\/\/optio.ruhr-uni-bochum.de\/?p=11803"},"modified":"2025-05-26T10:17:21","modified_gmt":"2025-05-26T08:17:21","slug":"viele-kommen-selbstbewusster-und-mutiger-zurueck-das-erasmus-programm-der-rub","status":"publish","type":"post","link":"https:\/\/optio.ruhr-uni-bochum.de\/index.php\/viele-kommen-selbstbewusster-und-mutiger-zurueck-das-erasmus-programm-der-rub\/","title":{"rendered":"\u201eViele kommen selbstbewusster und mutiger zur\u00fcck\u201c \u2013 das Erasmus-Programm der RUB"},"content":{"rendered":"\n<div class=\"wp-block-group has-medium-font-size\"><div class=\"wp-block-group__inner-container is-layout-constrained wp-block-group-is-layout-constrained\">\n<p><em>Ein Erfahrungsbericht von Linda Veddermann | Titelbild: TheAndrasBarta<\/em><\/p>\n\n\n\n<p>Neue Freundschaften, eine fremde Kultur und ein ungewohntes Umfeld: Ein Erasmus-Auslandssemester kann eine aufregende und einzigartige Erfahrung im Rahmen des Studiums, aber auch eine pers\u00f6nliche Herausforderung darstellen, \u00fcber die viele Studierende nachdenken. Auch ich habe im vergangenen Winter diesen gro\u00dfen Schritt gewagt, der sich bisher als beste Entscheidung meines Lebens herausgestellt hat. Doch wie organisiert man den Weg ins Ausland eigentlich und welche M\u00f6glichkeiten bietet die RUB?<\/p>\n\n\n\n<p><strong>Von der Bewerbung bis ins Ausland<\/strong><\/p>\n\n\n\n<p>Jutta Schmid ist die stellvertretende Leitung im International Office der RUB und hat bereits selbst Auslandserfahrungen sammeln k\u00f6nnen. F\u00fcr sie ist das Erasmus-Programm eine tolle M\u00f6glichkeit, sich weiterzuentwickeln, eine neue Perspektive zu erlangen und die Motivation zu gewinnen, \u201evom Leben mehr sehen zu wollen\u201c. H\u00e4ufige Herausforderungen, die ihr durch ihre Arbeit im International Office begegnen, zeigen sich meist in der Anfangssituation, hinsichtlich Unterkunft, sprachlicher Schwierigkeiten und dem Aufbau sozialer Kontakte. Dennoch bemerkt sie: \u201eViele kommen selbstbewusster und mutiger zur\u00fcck\u201c.<\/p>\n\n\n\n<p>Die RUB verf\u00fcgt international \u00fcber mehrere hundert Partneruniversit\u00e4ten \u2013 Jutta Schmid zufolge geh\u00f6ren Spanien, Frankreich und Italien zu den beliebtesten Ziell\u00e4ndern. Da es fachbezogene Partnerschaften gibt, sollten sich Interessierte mindestens ein bis anderthalb Jahre im Voraus bei ihrem Fachbereich \u00fcber ihre individuellen M\u00f6glichkeiten informieren und bewerben.<\/p>\n\n\n\n<p>Zu den wichtigsten Dokumenten des Bewerbungsprozesses geh\u00f6ren:<\/p>\n\n\n\n<ul class=\"wp-block-list\">\n<li>der Erasmus-Stipendienantrag<\/li>\n\n\n\n<li>das Online-Learning-Agreement (OLA)<\/li>\n\n\n\n<li>das Grant-Agreement<\/li>\n\n\n\n<li>die Teilnahme an einem Online-Sprachtest (OLS)<\/li>\n<\/ul>\n\n\n\n<p>Im Learning-Agreement werden die Kurse, die im Ausland belegt werden sollen, festgehalten und von beiden Seiten best\u00e4tigt. Dabei ist es wichtig, mindestens 15 ECTS zu erreichen, um das Semester erfolgreich zu absolvieren und somit die zweite Rate des Stipendiums ausgezahlt zu bekommen. Der Erasmus-Aufenthalt wird finanziell durch das Erasmus-Programm der EU unterst\u00fctzt. Studierende erhalten monatlich, abh\u00e4ngig von ihrer Wahl des Gastlandes, zwischen 490 und 600 Euro und m\u00fcssen zudem keine Studiengeb\u00fchren vor Ort zahlen. Es kann zus\u00e4tzlich weitere finanzielle F\u00f6rderungen wie beispielsweise Auslands-BAf\u00f6G geben.<\/p>\n\n\n\n<p>Zum Ende des Semesters wird sowohl ein Transcript of Records, in welchem die erbrachten Leistungen erfasst werden, ben\u00f6tigt, als auch eine Best\u00e4tigung des Aufenthaltes (Confirmation of Stay), was beides von der Gastuniversit\u00e4t ausgestellt wird. Dar\u00fcber hinaus sollte abschlie\u00dfend ein Erfahrungsbericht geschrieben werden.<\/p>\n\n\n\n<div class=\"wp-block-columns is-layout-flex wp-container-core-columns-is-layout-28f84493 wp-block-columns-is-layout-flex\">\n<div class=\"wp-block-column is-vertically-aligned-center is-layout-flow wp-block-column-is-layout-flow\" style=\"flex-basis:60%\">\n<p><strong>Fremde Stadt \u2013 Neue Heimat<\/strong><\/p>\n\n\n\n<p>Es ist Ende September 2023 und ich sitze nerv\u00f6s vor dem Campus der Universitat Rovira i Virgili in Tarragona. Kurz bevor meine ersten Uni-Kurse in der spanischen Hafenstadt beginnen, hinterfrage ich meine Entscheidung, diese Reise angetreten zu haben \u2013 ohne jemanden zu kennen, ein halbes Jahr in einem fremdsprachigen Land leben und zu studieren. Doch die Vorfreude auf die kommenden Monate und Erlebnisse \u00fcberwiegt. Mein neues Leben in Spanien k\u00f6nnte kaum gegens\u00e4tzlicher zu meinem Alltag in Bochum sein. Ich wohne in einem gro\u00dfen Haus voller Erasmus-Studierender, mitten in der Altstadt, fu\u00dfl\u00e4ufig nur zehn Minuten vom Campus und Strand entfernt. Meine anf\u00e4nglichen Zweifel verfliegen sofort, als ich schnell neue Freundschaften geschlossen und meine Kurse an der Uni besucht habe.<\/p>\n\n\n\n<p>Als Medienwissenschafts-Studentin im dritten Semester belege ich hier, im Fachbereich der audiovisuellen Kommunikation, erstmals praxisorientierte Kurse, in denen ich viel \u00fcber Fotografie und Design lerne und an eigenen Projekten arbeiten darf. Da Tarragona zu Katalonien geh\u00f6rt, wird neben meinen englischsprachigen Kursen auch einer auf Katalanisch angeboten. Dank regelm\u00e4\u00dfiger und kreativer Abgaben sowie der hilfsbereiten Dozent:innen stellt dieser Kurs f\u00fcr mich kein Problem dar.<\/p>\n<\/div>\n\n\n\n<div class=\"wp-block-column is-vertically-aligned-center is-layout-flow wp-block-column-is-layout-flow\" style=\"flex-basis:40%\"><div class=\"wp-block-image ticss-4a7a070d\">\n<figure class=\"aligncenter size-large is-resized\"><img fetchpriority=\"high\" decoding=\"async\" width=\"1024\" height=\"683\" src=\"https:\/\/optio.ruhr-uni-bochum.de\/wp-content\/uploads\/2025\/05\/Foto-Altstadt--1024x683.jpg\" alt=\"\" class=\"wp-image-11809\" style=\"width:278px;height:auto\" srcset=\"https:\/\/optio.ruhr-uni-bochum.de\/wp-content\/uploads\/2025\/05\/Foto-Altstadt--1024x683.jpg 1024w, https:\/\/optio.ruhr-uni-bochum.de\/wp-content\/uploads\/2025\/05\/Foto-Altstadt--300x200.jpg 300w, https:\/\/optio.ruhr-uni-bochum.de\/wp-content\/uploads\/2025\/05\/Foto-Altstadt--768x512.jpg 768w, https:\/\/optio.ruhr-uni-bochum.de\/wp-content\/uploads\/2025\/05\/Foto-Altstadt--360x240.jpg 360w, https:\/\/optio.ruhr-uni-bochum.de\/wp-content\/uploads\/2025\/05\/Foto-Altstadt-.jpg 1536w\" sizes=\"(max-width: 1024px) 100vw, 1024px\" \/><figcaption class=\"wp-element-caption\">Die Altstadt von Tarragona<br>Foto: Linda Veddermann<\/figcaption><\/figure>\n<\/div>\n\n<div class=\"wp-block-image ticss-02a923b4\">\n<figure class=\"aligncenter size-large is-resized\"><img decoding=\"async\" width=\"864\" height=\"1024\" src=\"https:\/\/optio.ruhr-uni-bochum.de\/wp-content\/uploads\/2025\/05\/Foto-Universitat-Rovira-i-Virgili--864x1024.jpg\" alt=\"\" class=\"wp-image-11810\" style=\"width:289px;height:auto\" srcset=\"https:\/\/optio.ruhr-uni-bochum.de\/wp-content\/uploads\/2025\/05\/Foto-Universitat-Rovira-i-Virgili--864x1024.jpg 864w, https:\/\/optio.ruhr-uni-bochum.de\/wp-content\/uploads\/2025\/05\/Foto-Universitat-Rovira-i-Virgili--253x300.jpg 253w, https:\/\/optio.ruhr-uni-bochum.de\/wp-content\/uploads\/2025\/05\/Foto-Universitat-Rovira-i-Virgili--768x910.jpg 768w, https:\/\/optio.ruhr-uni-bochum.de\/wp-content\/uploads\/2025\/05\/Foto-Universitat-Rovira-i-Virgili--1296x1536.jpg 1296w, https:\/\/optio.ruhr-uni-bochum.de\/wp-content\/uploads\/2025\/05\/Foto-Universitat-Rovira-i-Virgili-.jpg 1620w\" sizes=\"(max-width: 864px) 100vw, 864px\" \/><figcaption class=\"wp-element-caption\">Die Universitat Rovira i Virgili in Tarragona ist eine der vielen Partneruniversit\u00e4ten der RUB.<br>Foto: Linda Veddermann<br>&nbsp;<\/figcaption><\/figure>\n<\/div><\/div>\n<\/div>\n\n\n\n<p><strong>Momente, die bleiben<\/strong><\/p>\n\n\n\n<div class=\"wp-block-columns is-layout-flex wp-container-core-columns-is-layout-28f84493 wp-block-columns-is-layout-flex\">\n<div class=\"wp-block-column is-layout-flow wp-block-column-is-layout-flow\" style=\"flex-basis:50%\">\n<p>W\u00e4hrend in Deutschland der graue Winter einkehrt, laden die spanischen Temperaturen hier dazu ein, bis in den November hinein schwimmen zu gehen oder Beachvolleyball zu spielen. Gemeinsam mit meinen neu gewonnenen Freund:innen fahre ich oft ins nahegelegene Barcelona oder \u00fcber ein langes Wochenende nach Ibiza. Wir nehmen zus\u00e4tzlich an vielen Ausfl\u00fcgen teil, die von der Erasmus-Organisation vor Ort angeboten werden \u2013 von einer Wein-Verkostung in den Bergen bis hin zu einem Tagestrip ins Nachbarland Andorra. Trotz all der ereignisreichen Ausfl\u00fcge und Aktivit\u00e4ten sch\u00e4tze ich besonders die Abende mit meiner Freund:innengruppe, an denen wir bei einem Glas Sangria zusammensitzen, neue Kartenspiele lernen und uns \u00fcber unsere individuellen Erfahrungen in Tarragona, aber auch aus der Heimat, austauschen.<\/p>\n<\/div>\n\n\n\n<div class=\"wp-block-column is-vertically-aligned-center is-layout-flow wp-block-column-is-layout-flow\" style=\"flex-basis:50%\">\n<figure class=\"wp-block-image size-large ticss-21b392a6\"><img decoding=\"async\" width=\"1024\" height=\"774\" src=\"https:\/\/optio.ruhr-uni-bochum.de\/wp-content\/uploads\/2025\/05\/Foto-Strand-FreundInnengruppe-ohne-Gesichter-1024x774.jpg\" alt=\"\" class=\"wp-image-11808\" srcset=\"https:\/\/optio.ruhr-uni-bochum.de\/wp-content\/uploads\/2025\/05\/Foto-Strand-FreundInnengruppe-ohne-Gesichter-1024x774.jpg 1024w, https:\/\/optio.ruhr-uni-bochum.de\/wp-content\/uploads\/2025\/05\/Foto-Strand-FreundInnengruppe-ohne-Gesichter-300x227.jpg 300w, https:\/\/optio.ruhr-uni-bochum.de\/wp-content\/uploads\/2025\/05\/Foto-Strand-FreundInnengruppe-ohne-Gesichter-768x580.jpg 768w, https:\/\/optio.ruhr-uni-bochum.de\/wp-content\/uploads\/2025\/05\/Foto-Strand-FreundInnengruppe-ohne-Gesichter-1536x1161.jpg 1536w, https:\/\/optio.ruhr-uni-bochum.de\/wp-content\/uploads\/2025\/05\/Foto-Strand-FreundInnengruppe-ohne-Gesichter.jpg 1920w\" sizes=\"(max-width: 1024px) 100vw, 1024px\" \/><figcaption class=\"wp-element-caption\">Foto: Linda Veddermann<\/figcaption><\/figure>\n<\/div>\n<\/div>\n\n\n\n<p>Im Laufe der Monate entdecke ich nicht nur eine neue Kultur, sondern auch neue Seiten an mir selbst. Durch das aktive Verlassen meiner Komfortzone lerne ich, f\u00fcr mich einzustehen, auf Menschen zuzugehen, aber auch, Zeit allein zu genie\u00dfen.<\/p>\n\n\n\n<div class=\"wp-block-columns is-layout-flex wp-container-core-columns-is-layout-28f84493 wp-block-columns-is-layout-flex\">\n<div class=\"wp-block-column is-layout-flow wp-block-column-is-layout-flow\" style=\"flex-basis:20%\">\n<figure class=\"wp-block-image size-large ticss-4aea0cef\"><img loading=\"lazy\" decoding=\"async\" width=\"768\" height=\"1024\" src=\"https:\/\/optio.ruhr-uni-bochum.de\/wp-content\/uploads\/2025\/05\/Foto-Strand--768x1024.jpg\" alt=\"\" class=\"wp-image-11807\" srcset=\"https:\/\/optio.ruhr-uni-bochum.de\/wp-content\/uploads\/2025\/05\/Foto-Strand--768x1024.jpg 768w, https:\/\/optio.ruhr-uni-bochum.de\/wp-content\/uploads\/2025\/05\/Foto-Strand--225x300.jpg 225w, https:\/\/optio.ruhr-uni-bochum.de\/wp-content\/uploads\/2025\/05\/Foto-Strand--1152x1536.jpg 1152w, https:\/\/optio.ruhr-uni-bochum.de\/wp-content\/uploads\/2025\/05\/Foto-Strand-.jpg 1440w\" sizes=\"(max-width: 768px) 100vw, 768px\" \/><figcaption class=\"wp-element-caption\">Foto: Linda Veddermann<\/figcaption><\/figure>\n<\/div>\n\n\n\n<div class=\"wp-block-column is-layout-flow wp-block-column-is-layout-flow\" style=\"flex-basis:80%\">\n<p><strong>Ins kalte Wasser springen<\/strong><\/p>\n\n\n\n<p>Zur\u00fcck in Bochum angekommen, bin ich mehr als dankbar, diese M\u00f6glichkeit durch die RUB erhalten zu haben und froh, dass ich meine \u00c4ngste \u00fcberwinden konnte, auch wenn es nicht immer leicht war. Nicht nur im Rahmen des Studiums durfte ich neue Erkenntnisse sammeln, sondern konnte auch pers\u00f6nlich wachsen und Freundschaften mit Menschen aus ganz Europa schlie\u00dfen.<\/p>\n\n\n\n<p>Den ersten Schritt ins Unbekannte zu wagen, mag herausfordernd sein, aber kann langfristig zu wertvollen Erfahrungen und unvergesslichen Erlebnissen f\u00fchren.<\/p>\n<\/div>\n<\/div>\n\n\n\n<div class=\"wp-block-columns is-layout-flex wp-container-core-columns-is-layout-28f84493 wp-block-columns-is-layout-flex\">\n<div class=\"wp-block-column is-layout-flow wp-block-column-is-layout-flow\" style=\"flex-basis:50%\">\n<p>Bei Interesse an einem Erasmus-Semester stehen Jutta Schmid und das Team des International Office sowie die fachspezifischen Erasmus-Koordinator:innen zur Verf\u00fcgung. Wer sich weiter \u00fcber das Erasmus-Programm der RUB informieren m\u00f6chte, kann daf\u00fcr die Erasmus-Website des International Office besuchen:<br><a href=\"https:\/\/international.ruhr-uni-bochum.de\/de\/erasmus-studium-europa\">https:\/\/international.ruhr-uni-bochum.de\/de\/erasmus-studium-europa<\/a><\/p>\n<\/div>\n\n\n\n<div class=\"wp-block-column is-vertically-aligned-center is-layout-flow wp-block-column-is-layout-flow\" style=\"flex-basis:50%\"><div class=\"wp-block-image ticss-743bd5ee\">\n<figure class=\"aligncenter size-large is-resized\"><img loading=\"lazy\" decoding=\"async\" width=\"1024\" height=\"768\" src=\"https:\/\/optio.ruhr-uni-bochum.de\/wp-content\/uploads\/2025\/05\/Foto-SSC-1024x768.jpg\" alt=\"\" class=\"wp-image-11806\" style=\"width:248px;height:auto\" srcset=\"https:\/\/optio.ruhr-uni-bochum.de\/wp-content\/uploads\/2025\/05\/Foto-SSC-1024x768.jpg 1024w, https:\/\/optio.ruhr-uni-bochum.de\/wp-content\/uploads\/2025\/05\/Foto-SSC-300x225.jpg 300w, https:\/\/optio.ruhr-uni-bochum.de\/wp-content\/uploads\/2025\/05\/Foto-SSC-768x576.jpg 768w, https:\/\/optio.ruhr-uni-bochum.de\/wp-content\/uploads\/2025\/05\/Foto-SSC-1536x1152.jpg 1536w, https:\/\/optio.ruhr-uni-bochum.de\/wp-content\/uploads\/2025\/05\/Foto-SSC.jpg 1920w\" sizes=\"(max-width: 1024px) 100vw, 1024px\" \/><figcaption class=\"wp-element-caption\">Das International Office der RUB befindet sich im Studierenden-Service-Center (SSC), zwischen der Bibliothek und der Br\u00fccke Richtung Uni-Center und U35.<br>Foto: Linda Veddermann<\/figcaption><\/figure>\n<\/div><\/div>\n<\/div>\n<\/div><\/div>\n\n\n\n<p><\/p>\n","protected":false},"excerpt":{"rendered":"<p>Ein Erfahrungsbericht von Linda Veddermann | Titelbild: TheAndrasBarta Neue Freundschaften, eine fremde Kultur und ein ungewohntes Umfeld: Ein Erasmus-Auslandssemester kann eine aufregende und einzigartige Erfahrung im Rahmen des Studiums, aber auch eine pers\u00f6nliche Herausforderung darstellen, \u00fcber die viele Studierende nachdenken. Auch ich habe im vergangenen Winter diesen gro\u00dfen Schritt gewagt, [&hellip;]<\/p>\n","protected":false},"author":1,"featured_media":11805,"comment_status":"closed","ping_status":"closed","sticky":false,"template":"","format":"standard","meta":{"_themeisle_gutenberg_block_has_review":false,"footnotes":""},"categories":[28],"tags":[],"class_list":["post-11803","post","type-post","status-publish","format-standard","has-post-thumbnail","hentry","category-optioinside"],"_links":{"self":[{"href":"https:\/\/optio.ruhr-uni-bochum.de\/index.php\/wp-json\/wp\/v2\/posts\/11803","targetHints":{"allow":["GET"]}}],"collection":[{"href":"https:\/\/optio.ruhr-uni-bochum.de\/index.php\/wp-json\/wp\/v2\/posts"}],"about":[{"href":"https:\/\/optio.ruhr-uni-bochum.de\/index.php\/wp-json\/wp\/v2\/types\/post"}],"author":[{"embeddable":true,"href":"https:\/\/optio.ruhr-uni-bochum.de\/index.php\/wp-json\/wp\/v2\/users\/1"}],"replies":[{"embeddable":true,"href":"https:\/\/optio.ruhr-uni-bochum.de\/index.php\/wp-json\/wp\/v2\/comments?post=11803"}],"version-history":[{"count":23,"href":"https:\/\/optio.ruhr-uni-bochum.de\/index.php\/wp-json\/wp\/v2\/posts\/11803\/revisions"}],"predecessor-version":[{"id":11854,"href":"https:\/\/optio.ruhr-uni-bochum.de\/index.php\/wp-json\/wp\/v2\/posts\/11803\/revisions\/11854"}],"wp:featuredmedia":[{"embeddable":true,"href":"https:\/\/optio.ruhr-uni-bochum.de\/index.php\/wp-json\/wp\/v2\/media\/11805"}],"wp:attachment":[{"href":"https:\/\/optio.ruhr-uni-bochum.de\/index.php\/wp-json\/wp\/v2\/media?parent=11803"}],"wp:term":[{"taxonomy":"category","embeddable":true,"href":"https:\/\/optio.ruhr-uni-bochum.de\/index.php\/wp-json\/wp\/v2\/categories?post=11803"},{"taxonomy":"post_tag","embeddable":true,"href":"https:\/\/optio.ruhr-uni-bochum.de\/index.php\/wp-json\/wp\/v2\/tags?post=11803"}],"curies":[{"name":"wp","href":"https:\/\/api.w.org\/{rel}","templated":true}]}}