{"id":11945,"date":"2025-08-26T09:29:00","date_gmt":"2025-08-26T07:29:00","guid":{"rendered":"https:\/\/optio.ruhr-uni-bochum.de\/?p=11945"},"modified":"2025-08-26T12:29:45","modified_gmt":"2025-08-26T10:29:45","slug":"tagung-institutionelles-und-privates-lesen-seine-raeume","status":"publish","type":"post","link":"https:\/\/optio.ruhr-uni-bochum.de\/index.php\/tagung-institutionelles-und-privates-lesen-seine-raeume\/","title":{"rendered":"Tagung und Modul: Lesen zwischen Institution und Privatheit \u2013 Einblicke in eine zentrale Kulturtechnik"},"content":{"rendered":"\t\t<div data-elementor-type=\"wp-post\" data-elementor-id=\"11945\" class=\"elementor elementor-11945\" data-elementor-settings=\"{&quot;ha_cmc_init_switcher&quot;:&quot;no&quot;}\" data-elementor-post-type=\"post\">\n\t\t\t\t\t\t<section class=\"elementor-section elementor-top-section elementor-element elementor-element-7fa055a4 elementor-section-boxed elementor-section-height-default elementor-section-height-default\" data-id=\"7fa055a4\" data-element_type=\"section\" data-e-type=\"section\" data-settings=\"{&quot;_ha_eqh_enable&quot;:false}\">\n\t\t\t\t\t\t<div class=\"elementor-container elementor-column-gap-default\">\n\t\t\t\t\t<div class=\"elementor-column elementor-col-100 elementor-top-column elementor-element elementor-element-2679dd01\" data-id=\"2679dd01\" data-element_type=\"column\" data-e-type=\"column\">\n\t\t\t<div class=\"elementor-widget-wrap elementor-element-populated\">\n\t\t\t\t\t\t<div class=\"elementor-element elementor-element-37e2f2b4 elementor-widget elementor-widget-text-editor\" data-id=\"37e2f2b4\" data-element_type=\"widget\" data-e-type=\"widget\" data-widget_type=\"text-editor.default\">\n\t\t\t\t<div class=\"elementor-widget-container\">\n\t\t\t\t\t\t\t\t\t<div class=\"wp-block-group has-medium-font-size\">\n<p><\/p>\n<p><strong>Tagung \u201eInstitutionelles und privates Lesen &amp; seine R\u00e4ume. Konflikte und Verkn\u00fcpfungen in Geschichte und Gegenwart\u201c<\/strong><br \/>\ud83d\udcc5 30.09.\u201301.10.2025<br \/>\ud83d\udccd Ruhr-Universit\u00e4t Bochum, Raum GB 5\/160<br \/>\ud83d\udce9 Anmeldung und R\u00fcckfragen: jonas.hartmann-d4t[at]rub.de<\/p>\n<p><a href=\"https:\/\/vvz.ruhr-uni-bochum.de\/campus\/all\/module.asp?gguid=0x876C4FCBB0B8441A93E29485702C0F5B&amp;error=&amp;expand=0x72A1F066AE364472A0A8EFF9E1FC2DD1&amp;tguid=0x72A1F066AE364472A0A8EFF9E1FC2DD1#0x72A1F066AE364472A0A8EFF9E1FC2DD1\"><strong>Die Modulbeschreibung in Campus finden Sie hier.<\/strong><\/a><\/p>\n<p><\/p>\n<p><\/p>\n<hr class=\"wp-block-separator has-alpha-channel-opacity\" \/>\n<p><\/p>\n<p><strong>\u00dcber die Tagung:<\/strong><br \/>Lesen ist eine grundlegende Kulturtechnik, die zwischen institutionellen Vorgaben und privaten Interessen vermittelt \u2013 ein Spannungsfeld, das in Bildungseinrichtungen wie Schule und Hochschule besondere Herausforderungen mit sich bringt. Die Tagung an der Ruhr-Universit\u00e4t Bochum widmet sich dem Verh\u00e4ltnis von institutionellem und privatem Lesen sowie deren Verflechtungen und Konflikten, vor allem mit Blick auf die Interferenz im h\u00e4uslichen Umfeld.<\/p>\n<p><\/p>\n<p>Diskutiert werden u.a. Fragen nach der Verteilung der Leselast zwischen Institution und Zuhause, nach der Motivation zum Lesen sowie nach den unterschiedlichen Funktionen und Zielen von Lesen in institutionellen und privaten Kontexten \u2013 historisch und aktuell. Die Beitr\u00e4ge beleuchten diese Themen sowohl aus theoretischer als auch aus praktischer Perspektive.<\/p>\n<p><\/p>\n<p>Alle Interessierten sind herzlich eingeladen, an der Tagung teilzunehmen und sich aktiv einzubringen.<\/p>\n<p><\/p>\n<hr class=\"wp-block-separator has-alpha-channel-opacity\" \/>\n<p><\/p>\n<p><strong>Das Modul \u201eLesen \u2013 auf den Spuren einer Kulturtechnik\u201c<\/strong><\/p>\n<p><\/p>\n<p>Das Germanistische Institut der Ruhr-Universit\u00e4t Bochum bietet im Optionalbereich ein spannendes Modul an, das die Tagung als Teil eines zweigeteilten Modulangebots nutzt:<\/p>\n<p><\/p>\n<ul class=\"wp-block-list\">\n<li style=\"list-style-type: none;\">\n<ul class=\"wp-block-list\"><\/ul>\n<\/li>\n<\/ul>\n<p><\/p>\n<ul class=\"wp-block-list\">\n<li style=\"list-style-type: none;\">\n<ul class=\"wp-block-list\">\n<li><strong>Teil 1:<\/strong> Teilnahme an der Tagung \u201eInstitutionelles und privates Lesen &amp; seine R\u00e4ume\u201c im Sommersemester 2025, inklusive wissenschaftlicher Vortr\u00e4ge und Diskussionen. Studierende verfassen einen Tagungsbericht.<\/li>\n<\/ul>\n<\/li>\n<\/ul>\n<p><\/p>\n<ul class=\"wp-block-list\">\n<li style=\"list-style-type: none;\">\n<ul class=\"wp-block-list\">\n<li><strong>Teil 2:<\/strong> Begleitende Vorlesung im Wintersemester 2025\/26: \u201eDer Roman \u2013 Geschichte einer Gattung in 50 Exempeln\u201c. Hier werden exemplarisch zentrale Romane der europ\u00e4ischen Literaturgeschichte vorgestellt, mit dem Ziel, zum eigenen Lesen zu motivieren. Die Vorlesung wird durch schriftliche Testate erg\u00e4nzt.<\/li>\n<\/ul>\n<\/li>\n<\/ul>\n<p><\/p>\n<p><\/p>\n<hr class=\"wp-block-separator has-alpha-channel-opacity\" \/>\n<p><\/p>\n<p><strong>Ziele und Inhalte des Moduls:<\/strong><br \/>Das Modul vermittelt Ihnen fundierte Einblicke in die kulturelle Bedeutung des Lesens und seine Herausforderungen in institutionellen und privaten Kontexten. Sie lernen, Lesepraxen kritisch zu reflektieren und interdisziplin\u00e4re Fragestellungen zu analysieren. Dabei verkn\u00fcpfen Sie theoretisches Wissen mit praktischer Lekt\u00fcreerfahrung und wissenschaftlichem Arbeiten.<\/p>\n<p><\/p>\n<hr class=\"wp-block-separator has-alpha-channel-opacity\" \/>\n<p><\/p>\n<p><strong>Wichtige Informationen:<\/strong><\/p>\n<p><\/p>\n<ul class=\"wp-block-list\">\n<li style=\"list-style-type: none;\">\n<ul class=\"wp-block-list\"><\/ul>\n<\/li>\n<\/ul>\n<p><\/p>\n<ul class=\"wp-block-list\">\n<li style=\"list-style-type: none;\">\n<ul class=\"wp-block-list\">\n<li>Pl\u00e4tze sind auf 10 Teilnehmende begrenzt.<\/li>\n<\/ul>\n<\/li>\n<\/ul>\n<p><\/p>\n<ul class=\"wp-block-list\">\n<li style=\"list-style-type: none;\">\n<ul class=\"wp-block-list\">\n<li>Die Tagung ist verpflichtender Bestandteil des Moduls (30.09.\u201301.10.2025).<\/li>\n<\/ul>\n<\/li>\n<\/ul>\n<p><\/p>\n<ul class=\"wp-block-list\">\n<li style=\"list-style-type: none;\">\n<ul class=\"wp-block-list\">\n<li>Vorlesung im WS 2025\/26, mittwochs 10:00\u201312:00 Uhr, Raum HGB 10.<\/li>\n<\/ul>\n<\/li>\n<\/ul>\n<p><\/p>\n<ul class=\"wp-block-list\">\n<li style=\"list-style-type: none;\">\n<ul class=\"wp-block-list\"><\/ul>\n<\/li>\n<\/ul>\n<p><\/p>\n<ul class=\"wp-block-list\">\n<li style=\"list-style-type: none;\">\n<ul class=\"wp-block-list\">\n<li>Die Pr\u00fcfungsleistungen setzen sich zusammen aus dem Tagungsbericht (75 %) und drei schriftlichen Testaten zur Vorlesung (25 %).<\/li>\n<\/ul>\n<\/li>\n<\/ul>\n<p><\/p>\n<p><\/p>\n<hr class=\"wp-block-separator has-alpha-channel-opacity\" \/>\n<p><\/p>\n<p><strong>Wir laden Sie herzlich ein, dieses besondere Angebot zu nutzen, um das Lesen als Schl\u00fcsselkompetenz und kulturelle Praxis aus verschiedenen Blickwinkeln kennenzulernen.<\/strong><\/p>\n<p><\/p>\n<hr class=\"wp-block-separator has-alpha-channel-opacity\" \/>\n<p><\/p>\n<p><a href=\"https:\/\/staff.germanistik.rub.de\/sebastian-susteck\/tagungen\/cfp-lesen-institutionell-privat-zuhause-konflikte-und-verknuepfungen-30-09-01-10-2025\/\"><strong>Weiterf\u00fchrende Informationen und das Tagungsprogramm finden Sie hier<\/strong>.<\/a><\/p>\n<p><\/p>\n<p><\/p>\n<p><\/p>\n<\/div>\n<p><!-- \/wp:group --><\/p>\t\t\t\t\t\t\t\t<\/div>\n\t\t\t\t<\/div>\n\t\t\t\t\t<\/div>\n\t\t<\/div>\n\t\t\t\t\t<\/div>\n\t\t<\/section>\n\t\t\t\t<\/div>\n\t\t","protected":false},"excerpt":{"rendered":"<p>Lesen ist eine grundlegende Kulturtechnik, die zwischen institutionellen Vorgaben und privaten Interessen vermittelt \u2013 ein Spannungsfeld, das in Bildungseinrichtungen wie Schule und Hochschule besondere Herausforderungen mit sich bringt. Die Tagung an der Ruhr-Universit\u00e4t Bochum widmet sich dem Verh\u00e4ltnis von institutionellem und privatem Lesen sowie deren Verflechtungen und Konflikten, vor allem mit Blick auf die Interferenz im h\u00e4uslichen Umfeld.<br \/>\n(Anmeldung: Die Anmeldung erfolgt per Mail an jonas.hartmann-d4t[at]rub.de )<\/p>\n","protected":false},"author":1,"featured_media":11947,"comment_status":"closed","ping_status":"closed","sticky":false,"template":"","format":"standard","meta":{"_themeisle_gutenberg_block_has_review":false,"footnotes":""},"categories":[1],"tags":[],"class_list":["post-11945","post","type-post","status-publish","format-standard","has-post-thumbnail","hentry","category-neuigkeiten"],"_links":{"self":[{"href":"https:\/\/optio.ruhr-uni-bochum.de\/index.php\/wp-json\/wp\/v2\/posts\/11945","targetHints":{"allow":["GET"]}}],"collection":[{"href":"https:\/\/optio.ruhr-uni-bochum.de\/index.php\/wp-json\/wp\/v2\/posts"}],"about":[{"href":"https:\/\/optio.ruhr-uni-bochum.de\/index.php\/wp-json\/wp\/v2\/types\/post"}],"author":[{"embeddable":true,"href":"https:\/\/optio.ruhr-uni-bochum.de\/index.php\/wp-json\/wp\/v2\/users\/1"}],"replies":[{"embeddable":true,"href":"https:\/\/optio.ruhr-uni-bochum.de\/index.php\/wp-json\/wp\/v2\/comments?post=11945"}],"version-history":[{"count":12,"href":"https:\/\/optio.ruhr-uni-bochum.de\/index.php\/wp-json\/wp\/v2\/posts\/11945\/revisions"}],"predecessor-version":[{"id":12036,"href":"https:\/\/optio.ruhr-uni-bochum.de\/index.php\/wp-json\/wp\/v2\/posts\/11945\/revisions\/12036"}],"wp:featuredmedia":[{"embeddable":true,"href":"https:\/\/optio.ruhr-uni-bochum.de\/index.php\/wp-json\/wp\/v2\/media\/11947"}],"wp:attachment":[{"href":"https:\/\/optio.ruhr-uni-bochum.de\/index.php\/wp-json\/wp\/v2\/media?parent=11945"}],"wp:term":[{"taxonomy":"category","embeddable":true,"href":"https:\/\/optio.ruhr-uni-bochum.de\/index.php\/wp-json\/wp\/v2\/categories?post=11945"},{"taxonomy":"post_tag","embeddable":true,"href":"https:\/\/optio.ruhr-uni-bochum.de\/index.php\/wp-json\/wp\/v2\/tags?post=11945"}],"curies":[{"name":"wp","href":"https:\/\/api.w.org\/{rel}","templated":true}]}}