{"id":11965,"date":"2025-07-28T10:17:01","date_gmt":"2025-07-28T08:17:01","guid":{"rendered":"https:\/\/optio.ruhr-uni-bochum.de\/?p=11965"},"modified":"2025-07-28T10:17:26","modified_gmt":"2025-07-28T08:17:26","slug":"studienbegleitendes-praktikum-beim-grimme-institut-jetzt-bewerben","status":"publish","type":"post","link":"https:\/\/optio.ruhr-uni-bochum.de\/index.php\/studienbegleitendes-praktikum-beim-grimme-institut-jetzt-bewerben\/","title":{"rendered":"Studienbegleitendes Praktikum beim Grimme-Institut \u2013 Jetzt bewerben!"},"content":{"rendered":"\n<div class=\"wp-block-group has-medium-font-size\"><div class=\"wp-block-group__inner-container is-layout-constrained wp-block-group-is-layout-constrained\">\n<p>Sie interessieren sich f\u00fcr Medien, Bildung und gesellschaftlichen Wandel im digitalen Zeitalter? Dann k\u00f6nnte dieses studienbegleitende Praktikum beim renommierten Grimme-Institut in Marl genau das Richtige f\u00fcr Sie sein.<\/p>\n\n\n\n<p>Zum <strong>1. Oktober 2025<\/strong> bietet das Grimme-Institut ein <strong>dreimonatiges Praktikum<\/strong> mit dem Schwerpunkt <strong>Grimme-Akademie<\/strong> an. Gesucht wird eine engagierte Praktikantin oder ein engagierter Praktikant (m\/w\/d), die oder der <strong>an drei Tagen pro Woche<\/strong> vor Ort in Marl mitarbeitet.<\/p>\n\n\n\n<p><strong>Das Praktikum im \u00dcberblick:<\/strong><\/p>\n\n\n\n<p>Im Rahmen Ihres Praktikums erhalten Sie umfassende Einblicke in die Arbeit der Grimme-Akademie, die praxisnahe Fortbildungen, Tagungen und Veranstaltungen f\u00fcr die Medienbranche organisiert \u2013 von Nachrichtenformaten \u00fcber Comedy bis zu Fragen der Inklusion und Migration.<\/p>\n\n\n\n<p><strong>Ihre Aufgaben:<\/strong><\/p>\n\n\n\n<ul class=\"wp-block-list\">\n<li>Recherche und redaktionelle T\u00e4tigkeiten (z.\u202fB. Verfassen von Pressemitteilungen und Artikeln)<\/li>\n\n\n\n<li>Unterst\u00fctzung bei Planung und Durchf\u00fchrung von Veranstaltungen, insbesondere des <strong>9. RadioNetzwerkTags am 5. Dezember 2025<\/strong><\/li>\n\n\n\n<li>Mitarbeit im Bereich Social Media (Instagram, LinkedIn, Threads etc.)<\/li>\n\n\n\n<li>Pflege der Newsletter-Datenbank<\/li>\n\n\n\n<li>Teilnahme an Online-Besprechungen<\/li>\n\n\n\n<li>Allgemeine organisatorische und administrative Aufgaben<\/li>\n<\/ul>\n\n\n\n<p><strong>Das bringen Sie mit:<\/strong><\/p>\n\n\n\n<ul class=\"wp-block-list\">\n<li>Starkes Interesse an Medienthemen<\/li>\n\n\n\n<li>Laufendes Studium und erste Medienerfahrungen<\/li>\n\n\n\n<li>Sicherer Umgang mit MS Office<\/li>\n\n\n\n<li>Kenntnisse im Umgang mit Social Media, idealerweise auch mit CMS-Systemen wie TYPO3<\/li>\n\n\n\n<li>Strukturiertes Arbeiten und Freude an Teamarbeit<\/li>\n<\/ul>\n\n\n\n<p><strong>Das bietet Ihnen das Grimme-Institut:<\/strong><\/p>\n\n\n\n<ul class=\"wp-block-list\">\n<li>Verantwortungsvolle Aufgaben und Mitarbeit in einem engagierten kleinen Team<\/li>\n\n\n\n<li>Flexible Arbeitszeiten, die sich gut mit Ihrem Studium vereinbaren lassen<\/li>\n\n\n\n<li>Teilnahme an internen Qualifizierungsseminaren zur beruflichen Weiterbildung<\/li>\n\n\n\n<li>Monatliche Aufwandsentsch\u00e4digung<\/li>\n<\/ul>\n\n\n\n<p>Das Praktikum richtet sich ausdr\u00fccklich auch an Studierende aus nicht-medienorientierten Studieng\u00e4ngen \u2013 Medienaffinit\u00e4t und Interesse am aktuellen Diskurs sind entscheidend.<\/p>\n\n\n\n<p><strong>Interesse geweckt?<\/strong><\/p>\n\n\n\n<p>Dann senden Sie Ihre aussagekr\u00e4ftige Bewerbung bitte <strong>ausschlie\u00dflich per E-Mail<\/strong> an:<br>\ud83d\udce7 <strong><a>akademie@grimme-institut.de<\/a><\/strong> (Ansprechpartner: Stefan Schr\u00f6er)<br>\ud83d\udcde Bei Fragen: <strong>02365 918945<\/strong><\/p>\n\n\n\n<p>Weitere Informationen zum Institut:<br>\ud83c\udf10 <a class=\"\" href=\"https:\/\/www.grimme-institut.de\/\">www.grimme-institut.de<\/a><\/p>\n\n\n\n<div data-wp-interactive=\"core\/file\" class=\"wp-block-file\"><object data-wp-bind--hidden=\"!state.hasPdfPreview\" hidden class=\"wp-block-file__embed\" data=\"https:\/\/optio.ruhr-uni-bochum.de\/wp-content\/uploads\/2025\/07\/Stellenauschreibung_Praktikum_2025.pdf\" type=\"application\/pdf\" style=\"width:100%;height:600px\" aria-label=\"Einbettung von Stellenauschreibung_Praktikum_2025.\"><\/object><a id=\"wp-block-file--media-5e1042aa-f4dc-4a3d-868b-54fe1d5d23fb\" href=\"https:\/\/optio.ruhr-uni-bochum.de\/wp-content\/uploads\/2025\/07\/Stellenauschreibung_Praktikum_2025.pdf\">Stellenauschreibung_Praktikum_2025<\/a><a href=\"https:\/\/optio.ruhr-uni-bochum.de\/wp-content\/uploads\/2025\/07\/Stellenauschreibung_Praktikum_2025.pdf\" class=\"wp-block-file__button wp-element-button\" download aria-describedby=\"wp-block-file--media-5e1042aa-f4dc-4a3d-868b-54fe1d5d23fb\">Herunterladen<\/a><\/div>\n\n\n\n<p><\/p>\n<\/div><\/div>\n","protected":false},"excerpt":{"rendered":"<p>Sie interessieren sich f\u00fcr Medien, Bildung und gesellschaftlichen Wandel im digitalen Zeitalter? Dann k\u00f6nnte dieses studienbegleitende Praktikum beim renommierten Grimme-Institut in Marl genau das Richtige f\u00fcr Sie sein. Zum 1. Oktober 2025 bietet das Grimme-Institut ein dreimonatiges Praktikum mit dem Schwerpunkt Grimme-Akademie an. Gesucht wird eine engagierte Praktikantin oder ein [&hellip;]<\/p>\n","protected":false},"author":1,"featured_media":4830,"comment_status":"closed","ping_status":"closed","sticky":false,"template":"","format":"standard","meta":{"_themeisle_gutenberg_block_has_review":false,"footnotes":""},"categories":[22],"tags":[],"class_list":["post-11965","post","type-post","status-publish","format-standard","has-post-thumbnail","hentry","category-perspektiven"],"_links":{"self":[{"href":"https:\/\/optio.ruhr-uni-bochum.de\/index.php\/wp-json\/wp\/v2\/posts\/11965","targetHints":{"allow":["GET"]}}],"collection":[{"href":"https:\/\/optio.ruhr-uni-bochum.de\/index.php\/wp-json\/wp\/v2\/posts"}],"about":[{"href":"https:\/\/optio.ruhr-uni-bochum.de\/index.php\/wp-json\/wp\/v2\/types\/post"}],"author":[{"embeddable":true,"href":"https:\/\/optio.ruhr-uni-bochum.de\/index.php\/wp-json\/wp\/v2\/users\/1"}],"replies":[{"embeddable":true,"href":"https:\/\/optio.ruhr-uni-bochum.de\/index.php\/wp-json\/wp\/v2\/comments?post=11965"}],"version-history":[{"count":2,"href":"https:\/\/optio.ruhr-uni-bochum.de\/index.php\/wp-json\/wp\/v2\/posts\/11965\/revisions"}],"predecessor-version":[{"id":11968,"href":"https:\/\/optio.ruhr-uni-bochum.de\/index.php\/wp-json\/wp\/v2\/posts\/11965\/revisions\/11968"}],"wp:featuredmedia":[{"embeddable":true,"href":"https:\/\/optio.ruhr-uni-bochum.de\/index.php\/wp-json\/wp\/v2\/media\/4830"}],"wp:attachment":[{"href":"https:\/\/optio.ruhr-uni-bochum.de\/index.php\/wp-json\/wp\/v2\/media?parent=11965"}],"wp:term":[{"taxonomy":"category","embeddable":true,"href":"https:\/\/optio.ruhr-uni-bochum.de\/index.php\/wp-json\/wp\/v2\/categories?post=11965"},{"taxonomy":"post_tag","embeddable":true,"href":"https:\/\/optio.ruhr-uni-bochum.de\/index.php\/wp-json\/wp\/v2\/tags?post=11965"}],"curies":[{"name":"wp","href":"https:\/\/api.w.org\/{rel}","templated":true}]}}