{"id":12485,"date":"2025-10-13T09:44:50","date_gmt":"2025-10-13T07:44:50","guid":{"rendered":"https:\/\/optio.ruhr-uni-bochum.de\/?p=12485"},"modified":"2025-10-13T09:44:52","modified_gmt":"2025-10-13T07:44:52","slug":"jetzt-bewerben-junge-akademie-frankfurt-2026-gestalte-unsere-demokratie","status":"publish","type":"post","link":"https:\/\/optio.ruhr-uni-bochum.de\/index.php\/jetzt-bewerben-junge-akademie-frankfurt-2026-gestalte-unsere-demokratie\/","title":{"rendered":"Jetzt bewerben: Junge Akademie Frankfurt 2026 \u2013 Gestalte unsere Demokratie!"},"content":{"rendered":"\n<div class=\"wp-block-group has-medium-font-size\"><div class=\"wp-block-group__inner-container is-layout-constrained wp-block-group-is-layout-constrained\">\n<p><strong>Braucht unsere Demokratie ein \u201eRebranding\u201c \u2013 oder sogar eine Kernsanierung?<\/strong><br>Wer kreative und konstruktive Ideen dazu hat, ist herzlich eingeladen, 2026 bei der <strong>Jungen Akademie Frankfurt<\/strong> mitzumachen.<\/p>\n\n\n\n<p>Das Format wird von der <strong>Evangelischen Akademie Frankfurt<\/strong> und der <strong>Hessischen Landeszentrale f\u00fcr politische Bildung<\/strong> veranstaltet. Gesucht werden <strong>30 junge Erwachsene zwischen 18 und 30 Jahren<\/strong>, die ab <strong>M\u00e4rz 2026<\/strong> gemeinsam an innovativen Projekten zum Thema <strong>\u201eDesign Demokratie\u201c<\/strong> arbeiten.<\/p>\n\n\n\n<hr class=\"wp-block-separator has-alpha-channel-opacity\"\/>\n\n\n\n<h3 class=\"wp-block-heading\">Design \u2013 mehr als nur sch\u00f6n<\/h3>\n\n\n\n<p>Design hat nicht nur die Aufgabe, Dinge ansprechend zu gestalten. Es kann auch handfeste gesellschaftliche Probleme l\u00f6sen.<br>Ein historisches Beispiel ist die <strong>\u201eFrankfurter K\u00fcche\u201c<\/strong>, die in den 1920er-Jahren als Prototyp der modernen Einbauk\u00fcche entstand. Sie war eine wegweisende Innovation im sozialen Wohnungsbau und machte funktionales, platzsparendes Wohnen f\u00fcr viele Menschen m\u00f6glich.<\/p>\n\n\n\n<p>Ein Jahrhundert sp\u00e4ter stehen wir erneut vor gro\u00dfen Herausforderungen:<\/p>\n\n\n\n<ul class=\"wp-block-list\">\n<li>Wie schaffen wir mehr Platz und Zug\u00e4nglichkeit in St\u00e4dten?<\/li>\n\n\n\n<li>Wie gestalten wir \u00f6ffentliche R\u00e4ume, die von Menschen aller Generationen genutzt werden k\u00f6nnen?<\/li>\n\n\n\n<li>Und wie k\u00f6nnen digitale R\u00e4ume unser gesellschaftliches Miteinander verbessern?<\/li>\n<\/ul>\n\n\n\n<hr class=\"wp-block-separator has-alpha-channel-opacity\"\/>\n\n\n\n<h3 class=\"wp-block-heading\">Gemeinsam Gesellschaft gestalten<\/h3>\n\n\n\n<p>In der <strong>Jungen Akademie 2026<\/strong> geht es darum, genau diese Fragen kreativ und interdisziplin\u00e4r anzugehen.<br>Gesucht werden junge Menschen, die Lust haben, <strong>Ideen zu entwickeln und umzusetzen<\/strong> \u2013 in Projekten, Workshops und Diskussionen.<\/p>\n\n\n\n<p>Dabei wird <strong>\u201eDesign\u201c<\/strong> im weitesten Sinne verstanden:<br>Ob Stadtplanung, Softwareentwicklung, Kunst oder Politik \u2013 alles, was unser demokratisches Zusammenleben lebendig macht, geh\u00f6rt dazu.<\/p>\n\n\n\n<hr class=\"wp-block-separator has-alpha-channel-opacity\"\/>\n\n\n\n<h3 class=\"wp-block-heading\">Teilnahme &amp; Bewerbung<\/h3>\n\n\n\n<ul class=\"wp-block-list\">\n<li><strong>Zielgruppe:<\/strong> Junge Erwachsene zwischen 18 und 30 Jahren<\/li>\n\n\n\n<li><strong>Teilnahmegeb\u00fchr:<\/strong> Kostenlos<\/li>\n\n\n\n<li><strong>Voraussetzungen:<\/strong> Keine \u2013 weder bestimmte Abschl\u00fcsse noch Vorerfahrungen n\u00f6tig<\/li>\n\n\n\n<li><strong>Ort:<\/strong> Evangelische Akademie Frankfurt<\/li>\n\n\n\n<li><strong>Start:<\/strong> M\u00e4rz 2026<\/li>\n<\/ul>\n\n\n\n<p>\ud83d\udc49 <strong>Jetzt bewerben:<\/strong><br><a href=\"https:\/\/www.evangelische-akademie.de\/junge-akademie-frankfurt\/?utm_source=newsletter&amp;utm_medium=email\">Zur Online-Bewerbung bei der Evangelischen Akademie Frankfurt<\/a><\/p>\n<\/div><\/div>\n\n\n\n<p><\/p>\n","protected":false},"excerpt":{"rendered":"<p>Braucht unsere Demokratie ein \u201eRebranding\u201c \u2013 oder sogar eine Kernsanierung?Wer kreative und konstruktive Ideen dazu hat, ist herzlich eingeladen, 2026 bei der Jungen Akademie Frankfurt mitzumachen. Das Format wird von der Evangelischen Akademie Frankfurt und der Hessischen Landeszentrale f\u00fcr politische Bildung veranstaltet. Gesucht werden 30 junge Erwachsene zwischen 18 und [&hellip;]<\/p>\n","protected":false},"author":1,"featured_media":4830,"comment_status":"closed","ping_status":"closed","sticky":false,"template":"","format":"standard","meta":{"_themeisle_gutenberg_block_has_review":false,"footnotes":""},"categories":[22],"tags":[],"class_list":["post-12485","post","type-post","status-publish","format-standard","has-post-thumbnail","hentry","category-perspektiven"],"_links":{"self":[{"href":"https:\/\/optio.ruhr-uni-bochum.de\/index.php\/wp-json\/wp\/v2\/posts\/12485","targetHints":{"allow":["GET"]}}],"collection":[{"href":"https:\/\/optio.ruhr-uni-bochum.de\/index.php\/wp-json\/wp\/v2\/posts"}],"about":[{"href":"https:\/\/optio.ruhr-uni-bochum.de\/index.php\/wp-json\/wp\/v2\/types\/post"}],"author":[{"embeddable":true,"href":"https:\/\/optio.ruhr-uni-bochum.de\/index.php\/wp-json\/wp\/v2\/users\/1"}],"replies":[{"embeddable":true,"href":"https:\/\/optio.ruhr-uni-bochum.de\/index.php\/wp-json\/wp\/v2\/comments?post=12485"}],"version-history":[{"count":1,"href":"https:\/\/optio.ruhr-uni-bochum.de\/index.php\/wp-json\/wp\/v2\/posts\/12485\/revisions"}],"predecessor-version":[{"id":12486,"href":"https:\/\/optio.ruhr-uni-bochum.de\/index.php\/wp-json\/wp\/v2\/posts\/12485\/revisions\/12486"}],"wp:featuredmedia":[{"embeddable":true,"href":"https:\/\/optio.ruhr-uni-bochum.de\/index.php\/wp-json\/wp\/v2\/media\/4830"}],"wp:attachment":[{"href":"https:\/\/optio.ruhr-uni-bochum.de\/index.php\/wp-json\/wp\/v2\/media?parent=12485"}],"wp:term":[{"taxonomy":"category","embeddable":true,"href":"https:\/\/optio.ruhr-uni-bochum.de\/index.php\/wp-json\/wp\/v2\/categories?post=12485"},{"taxonomy":"post_tag","embeddable":true,"href":"https:\/\/optio.ruhr-uni-bochum.de\/index.php\/wp-json\/wp\/v2\/tags?post=12485"}],"curies":[{"name":"wp","href":"https:\/\/api.w.org\/{rel}","templated":true}]}}