{"id":12593,"date":"2025-10-24T10:00:00","date_gmt":"2025-10-24T08:00:00","guid":{"rendered":"https:\/\/optio.ruhr-uni-bochum.de\/?p=12593"},"modified":"2025-11-04T11:24:46","modified_gmt":"2025-11-04T10:24:46","slug":"rechtsextremismus-an-der-rub-eine-bedrohung-fuer-die-vielfalt","status":"publish","type":"post","link":"https:\/\/optio.ruhr-uni-bochum.de\/index.php\/rechtsextremismus-an-der-rub-eine-bedrohung-fuer-die-vielfalt\/","title":{"rendered":"Rechtsextremismus an der RUB \u2013 Eine Bedrohung f\u00fcr die Vielfalt?"},"content":{"rendered":"\n<div class=\"wp-block-group has-medium-font-size\"><div class=\"wp-block-group__inner-container is-layout-constrained wp-block-group-is-layout-constrained\">\n<p><em>Kommentar von Julia A. \u017beliszczak | Titelbild: Flaggen auf dem Campus (J. \u017beliszczak)<\/em><\/p>\n\n\n\n<p><strong>Einbruch, rechtsextrem motivierter Vandalismus, brennende Pride-Flags \u2013 die erneuten Angriffe auf die queere Community Ende Juni dieses Jahres stie\u00dfen auf gro\u00dfe Best\u00fcrzung in der Studierendenschaft. Bei dem Vorfall seien Unbekannte in die Bibliothek des GA-Geb\u00e4udes der Ruhr-Uni eingedrungen und h\u00e4tten dort unter anderem B\u00fccher besch\u00e4digt und Plakate abgerissen. Vor dem Geb\u00e4ude wurden die R\u00fcckst\u00e4nde einer verbrannten Regenbogen-Flagge hinterlassen. Es handelt sich um keinen Einzelfall.<\/strong><\/p>\n\n\n\n<p>Nach eigener Aussage der Universit\u00e4t kam es in den vergangenen Monaten immer wieder zu Einbr\u00fcchen und politisch motiviertem Vandalismus, insbesondere gegen Einrichtungen wie die <a href=\"https:\/\/share.google\/em3yqC4WCD3OLJxCO\">Antidiskriminierungsstelle<\/a>, die sich unter anderem f\u00fcr feministische und queere Anliegen an der RUB einsetzen. Aufkleber und Schmierereien mit Parolen aus der rechtsextremen Szene sind mittlerweile traurige Realit\u00e4t auf dem Campus. Diese zunehmenden Vorf\u00e4lle sind Teil eines gr\u00f6\u00dferen Problems, das sich bereits zu Beginn des Jahres in den Fokus r\u00fcckte.<\/p>\n\n\n\n<p><strong>Student mit Verbindungen zur rechtsextremen Szene<\/strong><\/p>\n\n\n\n<p>Bereits zu Beginn des Jahres geriet die Ruhr-Universit\u00e4t ins Rampenlicht regionaler Schlagzeilen. Mit Aush\u00e4ngen auf dem Campus machte die Antifaschistische Linke auf die Verbindungen eines Lehramtsstudenten zur rechtsextremen Szene Dortmunds aufmerksam. Seine Studienf\u00e4cher: Geschichte und Germanistik. Die Enth\u00fcllung sorgte f\u00fcr Entsetzen und eine hitzige Debatte \u00fcber den Umgang mit Extremismus an Universit\u00e4ten. Die offizielle Reaktion der Universit\u00e4t fiel jedoch verhalten aus. Die Prorektorin f\u00fcr Diversit\u00e4t, Inklusion und Talentf\u00f6rderung, Prof. Dr. Isolde Karle, <a href=\"https:\/\/www.ev.ruhr-uni-bochum.de\/mam\/pt-karle\/texte\/waz_neonazi_reaktion.pdf\">betonte gegen\u00fcber der WAZ<\/a>, dass alle relevanten F\u00e4lle dem Staatsschutz gemeldet w\u00fcrden. Eine Exmatrikulation sei jedoch bei blo\u00df \u201emutma\u00dflichen Gesinnungen\u201c aufgrund rechtlicher H\u00fcrden ausgeschlossen.<\/p>\n\n\n\n<div class=\"wp-block-columns is-layout-flex wp-container-core-columns-is-layout-28f84493 wp-block-columns-is-layout-flex\">\n<div class=\"wp-block-column is-vertically-aligned-center is-layout-flow wp-block-column-is-layout-flow\" style=\"flex-basis:50%\">\n<p>Die zunehmenden Vorf\u00e4lle werfen jedoch kritische Fragen auf: Kann die Universit\u00e4t, die sich als Reformuni versteht und sich stets als vielf\u00e4ltig, tolerant und diskriminierungsfrei pr\u00e4sentiert, ihr Versprechen von Diversit\u00e4t halten?<\/p>\n\n\n\n<p><strong>Kein Platz f\u00fcr Hass \u2013 Der Campus zeigt Haltung<\/strong><\/p>\n\n\n\n<p>Es w\u00e4re jedenfalls falsch, der Universit\u00e4t v\u00f6llige Unt\u00e4tigkeit vorzuwerfen. Als Reaktion auf die rechtsextremen Angriffe Ende Juni fand am 9. Juli auf dem Campus eine Kundgebung statt, zu der etwa 1.000 Teilnehmende erschienen. \u201eRechtsextreme Ideologien, Hetze und Gewalt haben auf unserem Campus keinen Platz\u201c, so der Rektor Prof. Dr. Martin Paul. In ihren Reden setzten er sowie Prorektorin Isolde Karle und der Vorsitzende des AStA (Allgemeiner Studierendenausschuss) Henry Hermann ein deutliches Zeichen gegen die rechtsextremen Einsch\u00fcchterungsversuche.<\/p>\n<\/div>\n\n\n\n<div class=\"wp-block-column is-vertically-aligned-center is-layout-flow wp-block-column-is-layout-flow\" style=\"flex-basis:50%\"><div class=\"wp-block-image ticss-42c68aae\">\n<figure class=\"aligncenter size-full\"><img fetchpriority=\"high\" decoding=\"async\" width=\"768\" height=\"658\" src=\"https:\/\/optio.ruhr-uni-bochum.de\/wp-content\/uploads\/2025\/10\/Kundgebung-vom-9.-Juli.jpg\" alt=\"\" class=\"wp-image-12596\" srcset=\"https:\/\/optio.ruhr-uni-bochum.de\/wp-content\/uploads\/2025\/10\/Kundgebung-vom-9.-Juli.jpg 768w, https:\/\/optio.ruhr-uni-bochum.de\/wp-content\/uploads\/2025\/10\/Kundgebung-vom-9.-Juli-300x257.jpg 300w\" sizes=\"(max-width: 768px) 100vw, 768px\" \/><figcaption class=\"wp-element-caption\">Kundgebung vom 9. Juli | Bild von J. \u017beliszczak<\/figcaption><\/figure>\n<\/div><\/div>\n<\/div>\n\n\n\n<div class=\"wp-block-columns is-layout-flex wp-container-core-columns-is-layout-28f84493 wp-block-columns-is-layout-flex\">\n<div class=\"wp-block-column is-vertically-aligned-center is-layout-flow wp-block-column-is-layout-flow\" style=\"flex-basis:50%\"><div class=\"wp-block-image ticss-2bed894f\">\n<figure class=\"aligncenter size-full\"><img decoding=\"async\" width=\"578\" height=\"802\" src=\"https:\/\/optio.ruhr-uni-bochum.de\/wp-content\/uploads\/2025\/10\/Die-Prorektorin-f\u4e7a-Diversit\u5247-fragt-Diversity-Day-2025.jpg\" alt=\"\" class=\"wp-image-12594\" srcset=\"https:\/\/optio.ruhr-uni-bochum.de\/wp-content\/uploads\/2025\/10\/Die-Prorektorin-f\u4e7a-Diversit\u5247-fragt-Diversity-Day-2025.jpg 578w, https:\/\/optio.ruhr-uni-bochum.de\/wp-content\/uploads\/2025\/10\/Die-Prorektorin-f\u4e7a-Diversit\u5247-fragt-Diversity-Day-2025-216x300.jpg 216w\" sizes=\"(max-width: 578px) 100vw, 578px\" \/><figcaption class=\"wp-element-caption\">\u201eDie Prorektorin f\u00fcr Diversit\u00e4t fragt\u2026\u201c \u2013 Diversity Day 2025 | Bild von J. \u017beliszczak<\/figcaption><\/figure>\n<\/div><\/div>\n\n\n\n<div class=\"wp-block-column is-vertically-aligned-center is-layout-flow wp-block-column-is-layout-flow\" style=\"flex-basis:50%\">\n<p>Zudem werden durch Anlaufstellen wie das <a href=\"https:\/\/www.chancengleich.ruhr-uni-bochum.de\/index.html.de\">Gleichstellungsb\u00fcro<\/a>, die <a href=\"https:\/\/einrichtungen.ruhr-uni-bochum.de\/de\/antidiskriminierungsstelle-der-rub\">Antidiskriminierungsstelle<\/a> oder das <a href=\"https:\/\/schwulenreferat-bochum.de\/ueber-uns\/das-referat\/\">Autonome Schwulenreferat<\/a> R\u00e4ume geschaffen, in denen Vielfalt gelebt werden kann. Diese zeigten sich auch am 27. und 28. Mai beim diesj\u00e4hrigen Diversity Day, der den Themenschwerpunkt Rassismus trug. Seit 2022 feiert die RUB bei dieser j\u00e4hrlichen Veranstaltung ihre Vielfalt und bietet zahlreiche Vorlesungen und Workshops zum Thema Diversit\u00e4t an.<\/p>\n\n\n\n<p><strong>Diversit\u00e4t feiern reicht nicht \u2013 der Gender-Report deckt L\u00fccken auf<\/strong><\/p>\n\n\n\n<p>Doch w\u00e4hrend der Campus im \u00f6ffentlichen Auftreten Haltung gegen Hass und Diskriminierung zeigt, offenbart der neueste <a href=\"https:\/\/www.genderreport-hochschulen.nrw.de\/fileadmin\/media\/media-genderreport\/download\/Gender-Report_2022\/Profile_Uni\/Ruhr-Universitaet_Bochum_genderreport_2022_web.pdf\">Gender-Report<\/a> von 2022, dass bei der Gleichstellung der Geschlechter, einem zentralen Aspekt von Vielfalt, innerhalb der Universit\u00e4t noch Handlungsbedarf besteht. In den Naturwissenschaften sind Professorinnen nach wie vor deutlich unterrepr\u00e4sentiert. Nicht einmal jede f\u00fcnfte Professur ist weiblich besetzt. Zudem verschlechterte sich die Lage beim Gender-Pay-Gap, und im NRW-weiten Gleichstellungsranking fiel die RUB von Platz 6 auf Platz 9 zur\u00fcck. Die Daten sprechen eher gegen das Selbstbild einer progressiven Hochschule. Andere Zahlen hingegen deuten auf ein positiveres Gesamtbild: Das Rektorat besteht zu zwei Dritteln aus Frauen und der Senat ist mehrheitlich weiblich.<\/p>\n<\/div>\n<\/div>\n\n\n\n<p><strong>Es beginnt bei uns<\/strong><\/p>\n\n\n\n<p>All das zeigt: Der Wille zur Vielfalt ist da. Doch der Rechtsruck und andere gesellschaftliche Realit\u00e4ten machen auch vor H\u00f6rs\u00e4len keinen Halt. Als Orte der Bildung, Reflexion und Gestaltung der Zukunft tragen Universit\u00e4ten jedoch eine besondere Verantwortung, Haltung zu zeigen. Und letztlich liegt es auch an denen, die dort lernen und forschen \u2013 an den Studierenden. Vielfalt ist keine Selbstverst\u00e4ndlichkeit. Sie muss immer wieder neu erk\u00e4mpft, verteidigt und gelebt werden \u2013 auch an der Universit\u00e4t. Gerade dort.<\/p>\n<\/div><\/div>\n\n\n\n<p><\/p>\n","protected":false},"excerpt":{"rendered":"<p>Einbruch, rechtsextrem motivierter Vandalismus, brennende Pride-Flags \u2013 die erneuten Angriffe auf die queere Community Ende Juni dieses Jahres stie\u00dfen auf gro\u00dfe Best\u00fcrzung in der Studierendenschaft. Bei dem Vorfall seien Unbekannte in die Bibliothek des GA-Geb\u00e4udes der Ruhr-Uni eingedrungen und h\u00e4tten dort unter anderem B\u00fccher besch\u00e4digt und Plakate abgerissen. Vor dem Geb\u00e4ude wurden die R\u00fcckst\u00e4nde einer verbrannten Regenbogen-Flagge hinterlassen. Es handelt sich um keinen Einzelfall.<\/p>\n","protected":false},"author":1,"featured_media":12595,"comment_status":"closed","ping_status":"closed","sticky":false,"template":"","format":"standard","meta":{"_themeisle_gutenberg_block_has_review":false,"footnotes":""},"categories":[28],"tags":[],"class_list":["post-12593","post","type-post","status-publish","format-standard","has-post-thumbnail","hentry","category-optioinside"],"_links":{"self":[{"href":"https:\/\/optio.ruhr-uni-bochum.de\/index.php\/wp-json\/wp\/v2\/posts\/12593","targetHints":{"allow":["GET"]}}],"collection":[{"href":"https:\/\/optio.ruhr-uni-bochum.de\/index.php\/wp-json\/wp\/v2\/posts"}],"about":[{"href":"https:\/\/optio.ruhr-uni-bochum.de\/index.php\/wp-json\/wp\/v2\/types\/post"}],"author":[{"embeddable":true,"href":"https:\/\/optio.ruhr-uni-bochum.de\/index.php\/wp-json\/wp\/v2\/users\/1"}],"replies":[{"embeddable":true,"href":"https:\/\/optio.ruhr-uni-bochum.de\/index.php\/wp-json\/wp\/v2\/comments?post=12593"}],"version-history":[{"count":4,"href":"https:\/\/optio.ruhr-uni-bochum.de\/index.php\/wp-json\/wp\/v2\/posts\/12593\/revisions"}],"predecessor-version":[{"id":12789,"href":"https:\/\/optio.ruhr-uni-bochum.de\/index.php\/wp-json\/wp\/v2\/posts\/12593\/revisions\/12789"}],"wp:featuredmedia":[{"embeddable":true,"href":"https:\/\/optio.ruhr-uni-bochum.de\/index.php\/wp-json\/wp\/v2\/media\/12595"}],"wp:attachment":[{"href":"https:\/\/optio.ruhr-uni-bochum.de\/index.php\/wp-json\/wp\/v2\/media?parent=12593"}],"wp:term":[{"taxonomy":"category","embeddable":true,"href":"https:\/\/optio.ruhr-uni-bochum.de\/index.php\/wp-json\/wp\/v2\/categories?post=12593"},{"taxonomy":"post_tag","embeddable":true,"href":"https:\/\/optio.ruhr-uni-bochum.de\/index.php\/wp-json\/wp\/v2\/tags?post=12593"}],"curies":[{"name":"wp","href":"https:\/\/api.w.org\/{rel}","templated":true}]}}