{"id":13380,"date":"2026-04-28T10:10:38","date_gmt":"2026-04-28T08:10:38","guid":{"rendered":"https:\/\/optio.ruhr-uni-bochum.de\/?p=13380"},"modified":"2026-04-28T12:26:28","modified_gmt":"2026-04-28T10:26:28","slug":"natuerlich-kann-man-nicht-ploetzlich-die-welt-veraendern-aber-man-hat-einen-ersten-ansatz","status":"publish","type":"post","link":"https:\/\/optio.ruhr-uni-bochum.de\/index.php\/natuerlich-kann-man-nicht-ploetzlich-die-welt-veraendern-aber-man-hat-einen-ersten-ansatz\/","title":{"rendered":"\u201eNat\u00fcrlich kann man nicht pl\u00f6tzlich die Welt ver\u00e4ndern, aber man hat einen ersten Ansatz!\u201c"},"content":{"rendered":"\n<div class=\"wp-block-group has-medium-font-size\"><div class=\"wp-block-group__inner-container is-layout-constrained wp-block-group-is-layout-constrained\">\n<p>Ein Bericht von Greta Tripp<\/p>\n\n\n\n<p><strong>Im Jahr 2025 waren <\/strong><a href=\"https:\/\/www.destatis.de\/DE\/Themen\/Laender-Regionen\/Internationales\/Thema\/bevoelkerung-arbeit-soziales\/bevoelkerung\/Fluchtbewegungen.html?templateQueryString=menschenrechtsverletzungen\"><strong>117,3 Mio. Menschen weltweit auf der Flucht<\/strong><\/a><strong>, viele, weil ihre Menschenrechte in ihrer Heimat beschnitten wurden. Zahlreiche Organisationen stehen f\u00fcr die Rechte dieser Menschen ein, darunter auch Amnesty International, die unter anderem in Bochum und an der RUB aktiv sind.<\/strong><\/p>\n\n\n\n<p>Amnesty International ist eine NGO (Nichtregierungsorganisation), deren Mitglieder sich seit den 60er Jahren weltweit f\u00fcr das Recht auf freie Meinungs\u00e4u\u00dferung einsetzen und das Ziel haben, auf Menschenrechtsverletzungen aufmerksam zu machen. Dabei fokussieren sie sich besonders auf Einzelf\u00e4lle und setzen sich somit f\u00fcr spezifische Personen ein, welche aufgrund ihres politischen Engagements und freier Meinungs\u00e4u\u00dferung inhaftiert wurden.<\/p>\n\n\n\n<p><strong>Was macht Amnesty International?<\/strong><\/p>\n\n\n\n<p>Die Arbeit von Amnesty International st\u00fctzt sich dabei auf zwei S\u00e4ulen. Die erste S\u00e4ule bildet die Recherchearbeit, welche vor allem in den Sekretariaten, etwa in London oder Berlin, stattfindet. Dort werden Informationen zu Menschenrechtsverletzungen gesammelt. Amnesty International kann dabei, nach eigener Aussage, als vertrauensw\u00fcrdige Quelle betrachtet werden, weil sie aufgrund ihres Status als NGO von keiner Regierung abh\u00e4ngig ist. Die zweite S\u00e4ule stellt die tats\u00e4chliche \u00d6ffentlichkeitsarbeit dar, welche durch kleinere ehrenamtliche Gruppen, so zum Beispiel die Hochschulgruppe in Bochum, geleistet wird.<\/p>\n\n\n\n<div class=\"wp-block-columns is-layout-flex wp-container-core-columns-is-layout-28f84493 wp-block-columns-is-layout-flex\">\n<div class=\"wp-block-column is-vertically-aligned-center is-layout-flow wp-block-column-is-layout-flow\" style=\"flex-basis:50%\">\n<p><strong>Amnesty in Bochum<\/strong><\/p>\n\n\n\n<p>Die Amnesty International Hochschulgruppe Bochum plant und f\u00fchrt verschiedene Projekte durch, welche auf den Gruppentreffen geplant werden. So gibt es etwa Infost\u00e4nde, beispielsweise anl\u00e4sslich des Weltfrauentags, und verschiedene Petitionen, welche die Freilassung von Inhaftierten bewirken sollen. Dasselbe Ziel verfolgt ebenfalls der sogenannte \u201eBriefmarathon\u201c, eine Aktion anl\u00e4sslich des Tags der Menschenrechte (j\u00e4hrlich am 10.12.) bei der Sch\u00fcler*innen Briefe schreiben, die eine beh\u00f6rdliche Aufmerksamkeit erzeugen sollen. <\/p>\n\n\n<div class=\"wp-block-image ticss-a0c64757\">\n<figure class=\"aligncenter size-full is-resized\"><img fetchpriority=\"high\" decoding=\"async\" width=\"500\" height=\"375\" src=\"https:\/\/optio.ruhr-uni-bochum.de\/wp-content\/uploads\/2026\/04\/AmnestyKunstauktionPrinzRegent-500x375-1.jpg\" alt=\"\" class=\"wp-image-13386\" style=\"width:398px;height:auto\" srcset=\"https:\/\/optio.ruhr-uni-bochum.de\/wp-content\/uploads\/2026\/04\/AmnestyKunstauktionPrinzRegent-500x375-1.jpg 500w, https:\/\/optio.ruhr-uni-bochum.de\/wp-content\/uploads\/2026\/04\/AmnestyKunstauktionPrinzRegent-500x375-1-300x225.jpg 300w\" sizes=\"(max-width: 500px) 100vw, 500px\" \/><figcaption class=\"wp-element-caption\">Amnesty Kunstauktion 2022, \u00a9 Foto: Amnesty International Bochum<\/figcaption><\/figure>\n<\/div><\/div>\n\n\n\n<div class=\"wp-block-column is-vertically-aligned-center is-layout-flow wp-block-column-is-layout-flow\" style=\"flex-basis:50%\"><div class=\"wp-block-image ticss-f3d234f0\">\n<figure class=\"aligncenter size-large is-resized\"><img decoding=\"async\" width=\"1024\" height=\"807\" src=\"https:\/\/optio.ruhr-uni-bochum.de\/wp-content\/uploads\/2026\/04\/Amnesty-International-Stand-Foto-von-Greta-Tripp-1024x807.jpg\" alt=\"\" class=\"wp-image-13385\" style=\"aspect-ratio:1.2689279813392944;width:398px;height:auto\" srcset=\"https:\/\/optio.ruhr-uni-bochum.de\/wp-content\/uploads\/2026\/04\/Amnesty-International-Stand-Foto-von-Greta-Tripp-1024x807.jpg 1024w, https:\/\/optio.ruhr-uni-bochum.de\/wp-content\/uploads\/2026\/04\/Amnesty-International-Stand-Foto-von-Greta-Tripp-300x237.jpg 300w, https:\/\/optio.ruhr-uni-bochum.de\/wp-content\/uploads\/2026\/04\/Amnesty-International-Stand-Foto-von-Greta-Tripp-768x606.jpg 768w, https:\/\/optio.ruhr-uni-bochum.de\/wp-content\/uploads\/2026\/04\/Amnesty-International-Stand-Foto-von-Greta-Tripp-1536x1211.jpg 1536w, https:\/\/optio.ruhr-uni-bochum.de\/wp-content\/uploads\/2026\/04\/Amnesty-International-Stand-Foto-von-Greta-Tripp.jpg 1920w\" sizes=\"(max-width: 1024px) 100vw, 1024px\" \/><figcaption class=\"wp-element-caption\">Stand der Amnesty International Bochum Gruppe anl\u00e4sslich des Welt Frauen Tags 2026, \u00a9 Foto: Greta Tripp<\/figcaption><\/figure>\n<\/div>\n\n\n<p>Durch diese Aufmerksamkeit wird zwar oft keine Freilassung bewirkt, in vielen F\u00e4llen kann aber zumindest eine Verbesserung der Haftumst\u00e4nde erreicht werden. Zudem f\u00fchrt die Hochschulgruppe Bochum, in Kooperation mit der Amnesty Gruppe in Bochum-Gehrte, j\u00e4hrlich eine Kunstauktion durch. Bei dieser werden gespendete Kunstwerke von Bochumer*innen und \u00fcberregionalen K\u00fcnstler*innen versteigert. Der Profit dieser Auktion hilft Amnesty, ihre Arbeit oder juristischen und medizinischen Beistand f\u00fcr Inhaftierte zu finanzieren.<\/p>\n<\/div>\n<\/div>\n\n\n\n<p><strong>Einzelfallarbeit<\/strong><\/p>\n\n\n\n<p>Aktuell arbeitet die Hochschulgruppe Bochum an zwei spezifischen Einzelf\u00e4llen.<\/p>\n\n\n\n<p>Sulaimon Olufemi, ein Nigerianer, welcher in Saudi-Arabien 2005 nach einem unfairen Gerichtsverfahren zum Tode verurteilt wurde, und Matsumoto Kenji, ein Japaner, welcher trotz einer geistigen Behinderung seit 1993 im Todestrakt eines japanischen Gef\u00e4ngnisses sitzt. Amnesty International positioniert sich gegen die Todesstrafe.<\/p>\n\n\n\n<p><strong>Mach mit!<\/strong><\/p>\n\n\n\n<p>Willkommen sind in der Bochumer Hochschulgruppe nicht nur Studierende, sondern alle Interessierten, die sich ehrenamtlich engagieren wollen.<\/p>\n\n\n\n<div class=\"wp-block-columns is-layout-flex wp-container-core-columns-is-layout-28f84493 wp-block-columns-is-layout-flex\">\n<div class=\"wp-block-column is-layout-flow wp-block-column-is-layout-flow\" style=\"flex-basis:50%\">\n<p>Die meisten Mitglieder sind ehemalige Studierende der Ruhr-Universit\u00e4t Bochum, so etwa Martha M\u00fcller-Bennet, welche bereits seit 1978 bei Amnesty aktiv ist. Sie ist fr\u00fcher wie heute stolz auf ihre Arbeit und froh, sich f\u00fcr Gerechtigkeit einsetzen zu k\u00f6nnen, da sich ihrer Meinung nach seit dem Beginn ihres Engagements \u201eja nichts verbessert hat\u201c, dennoch sei es \u201eschwierig, junge Menschen zu finden, die sich [bei Amnesty International] einbringen wollen\u201c. Sie glaubt allerdings nicht, dass dies auf fehlende Motivation oder Anteilnahme junger Erwachsener zur\u00fcckzuf\u00fchren sei. Eine <a href=\"https:\/\/news.rub.de\/presseinformationen\/wissenschaft\/2024-02-22-sozialwissenschaft-mehr-als-zwei-drittel-der-jungen-menschen-sind-freiwillig-engagiert\">Online-Befragung der Fakult\u00e4t f\u00fcr Sozialwissenschaft der RUB<\/a> aus dem Jahr 2024 zeigt: \u201eMehr als zwei Drittel der jungen Menschen in Deutschland engagieren oder engagierten sich f\u00fcr das Gemeinwohl.\u201c Es ist jedoch zu beachten, dass nur 12 bis 24 Prozent der jungen Menschen bei Initiativen und Projektgruppen aktiv sind. Ein weiteres Mitglied der Hochschulgruppe beschreibt, dass das Engagement bei Amnesty ihm etwas Hoffnung gibt: \u201eNat\u00fcrlich kann man nicht pl\u00f6tzlich die Welt ver\u00e4ndern, aber man hat einen ersten Ansatz, was man tun kann!\u201c<\/p>\n<\/div>\n\n\n\n<div class=\"wp-block-column is-vertically-aligned-center is-layout-flow wp-block-column-is-layout-flow\" style=\"flex-basis:50%\"><div class=\"wp-block-image ticss-28de2024\">\n<figure class=\"aligncenter size-large is-resized\"><img decoding=\"async\" width=\"1024\" height=\"1024\" src=\"https:\/\/optio.ruhr-uni-bochum.de\/wp-content\/uploads\/2026\/04\/Mach-mit-Foto-von-Greta-Tripp-1024x1024.jpg\" alt=\"\" class=\"wp-image-13384\" style=\"width:396px;height:auto\" srcset=\"https:\/\/optio.ruhr-uni-bochum.de\/wp-content\/uploads\/2026\/04\/Mach-mit-Foto-von-Greta-Tripp-1024x1024.jpg 1024w, https:\/\/optio.ruhr-uni-bochum.de\/wp-content\/uploads\/2026\/04\/Mach-mit-Foto-von-Greta-Tripp-300x300.jpg 300w, https:\/\/optio.ruhr-uni-bochum.de\/wp-content\/uploads\/2026\/04\/Mach-mit-Foto-von-Greta-Tripp-150x150.jpg 150w, https:\/\/optio.ruhr-uni-bochum.de\/wp-content\/uploads\/2026\/04\/Mach-mit-Foto-von-Greta-Tripp-768x768.jpg 768w, https:\/\/optio.ruhr-uni-bochum.de\/wp-content\/uploads\/2026\/04\/Mach-mit-Foto-von-Greta-Tripp.jpg 1343w\" sizes=\"(max-width: 1024px) 100vw, 1024px\" \/><figcaption class=\"wp-element-caption\">Flyer von Amnesty Bochum, \u00a9 Foto: Greta Tripp<\/figcaption><\/figure>\n<\/div><\/div>\n<\/div>\n\n\n\n<p>Die Gruppe trifft sich jeden ersten und dritten Dienstag im Monat, abwechselnd online oder im Haus der Begegnung in der N\u00e4he des Bochumer Hauptbahnhofs. Eine Anmeldung ist nicht n\u00f6tig.<\/p>\n\n\n\n<p>Schau doch mal vorbei!<\/p>\n\n\n\n<p>Mehr Infos findest du auf der <a href=\"https:\/\/bochum.amnesty-international.de\/\">Website von Amnesty International Bochum<\/a>.<\/p>\n\n\n\n<p>Links:<\/p>\n\n\n\n<p><a href=\"https:\/\/news.rub.de\/presseinformationen\/wissenschaft\/2024-02-22-sozialwissenschaft-mehr-als-zwei-drittel-der-jungen-menschen-sind-freiwillig-engagiert\">https:\/\/news.rub.de\/presseinformationen\/wissenschaft\/2024-02-22-sozialwissenschaft-mehr-als-zwei-drittel-der-jungen-menschen-sind-freiwillig-engagiert<\/a><\/p>\n\n\n\n<p><a href=\"https:\/\/bochum.amnesty-international.de\/\">https:\/\/bochum.amnesty-international.de\/<\/a><\/p>\n\n\n\n<p><a href=\"https:\/\/www.destatis.de\/DE\/Themen\/Laender-Regionen\/Internationales\/Thema\/bevoelkerung-arbeit-soziales\/bevoelkerung\/Fluchtbewegungen.html?templateQueryString=menschenrechtsverletzungen\">https:\/\/www.destatis.de\/DE\/Themen\/Laender-Regionen\/Internationales\/Thema\/bevoelkerung-arbeit-soziales\/bevoelkerung\/Fluchtbewegungen.html?templateQueryString=menschenrechtsverletzungen<\/a><\/p>\n<\/div><\/div>\n","protected":false},"excerpt":{"rendered":"<p>Im Jahr 2025 waren 117,3 Mio. Menschen weltweit auf der Flucht, viele, weil ihre Menschenrechte in ihrer Heimat beschnitten wurden. Zahlreiche Organisationen stehen f\u00fcr die Rechte dieser Menschen ein, darunter auch Amnesty International, die unter anderem in Bochum und an der RUB aktiv sind.<\/p>\n","protected":false},"author":1,"featured_media":13480,"comment_status":"closed","ping_status":"closed","sticky":false,"template":"","format":"standard","meta":{"_themeisle_gutenberg_block_has_review":false,"footnotes":""},"categories":[28],"tags":[],"class_list":["post-13380","post","type-post","status-publish","format-standard","has-post-thumbnail","hentry","category-optioinside"],"_links":{"self":[{"href":"https:\/\/optio.ruhr-uni-bochum.de\/index.php\/wp-json\/wp\/v2\/posts\/13380","targetHints":{"allow":["GET"]}}],"collection":[{"href":"https:\/\/optio.ruhr-uni-bochum.de\/index.php\/wp-json\/wp\/v2\/posts"}],"about":[{"href":"https:\/\/optio.ruhr-uni-bochum.de\/index.php\/wp-json\/wp\/v2\/types\/post"}],"author":[{"embeddable":true,"href":"https:\/\/optio.ruhr-uni-bochum.de\/index.php\/wp-json\/wp\/v2\/users\/1"}],"replies":[{"embeddable":true,"href":"https:\/\/optio.ruhr-uni-bochum.de\/index.php\/wp-json\/wp\/v2\/comments?post=13380"}],"version-history":[{"count":10,"href":"https:\/\/optio.ruhr-uni-bochum.de\/index.php\/wp-json\/wp\/v2\/posts\/13380\/revisions"}],"predecessor-version":[{"id":13398,"href":"https:\/\/optio.ruhr-uni-bochum.de\/index.php\/wp-json\/wp\/v2\/posts\/13380\/revisions\/13398"}],"wp:featuredmedia":[{"embeddable":true,"href":"https:\/\/optio.ruhr-uni-bochum.de\/index.php\/wp-json\/wp\/v2\/media\/13480"}],"wp:attachment":[{"href":"https:\/\/optio.ruhr-uni-bochum.de\/index.php\/wp-json\/wp\/v2\/media?parent=13380"}],"wp:term":[{"taxonomy":"category","embeddable":true,"href":"https:\/\/optio.ruhr-uni-bochum.de\/index.php\/wp-json\/wp\/v2\/categories?post=13380"},{"taxonomy":"post_tag","embeddable":true,"href":"https:\/\/optio.ruhr-uni-bochum.de\/index.php\/wp-json\/wp\/v2\/tags?post=13380"}],"curies":[{"name":"wp","href":"https:\/\/api.w.org\/{rel}","templated":true}]}}