{"id":4427,"date":"2022-03-30T12:10:00","date_gmt":"2022-03-30T10:10:00","guid":{"rendered":"https:\/\/optio.ruhr-uni-bochum.de\/?p=4427"},"modified":"2023-11-13T10:48:05","modified_gmt":"2023-11-13T09:48:05","slug":"freie-plaetze-im-modul-nachhaltigkeit-und-zukunft-interdisziplinaere-aspekte","status":"publish","type":"post","link":"https:\/\/optio.ruhr-uni-bochum.de\/index.php\/freie-plaetze-im-modul-nachhaltigkeit-und-zukunft-interdisziplinaere-aspekte\/","title":{"rendered":"Freie Pl\u00e4tze im Modul \u201eNachhaltigkeit und Zukunft &#8211; Interdisziplin\u00e4re Aspekte\u201c"},"content":{"rendered":"\n<p>Das interdisziplin\u00e4re Modul bietet in diesem Semester zahlreiche spannende Einblicke aus unterschiedlichen Fachdisziplinen, die Ringvorlesung ist zudem f\u00fcr alle Interessierten innerhalb und au\u00dferhalb der RUB ge\u00f6ffnet.<br><br><a href=\"https:\/\/news.rub.de\/studium\/2022-04-01-ringvorlesung-klimawandel-durch-unterschiedliche-fachrichtungen-betrachtet\" target=\"_blank\" rel=\"noreferrer noopener\">Eine aktuelle Pressemeldung finden Sie hier.<\/a><br><a href=\"https:\/\/vvz.ruhr-uni-bochum.de\/campus\/all\/module.asp?gguid=0x4A6C80B2F4774591A4D8E82E45C46FC2\" target=\"_blank\" rel=\"noreferrer noopener\">Die Modulbeschreibung finden Sie hier.<\/a> Foto Andre Baumeister<\/p>\n","protected":false},"excerpt":{"rendered":"<p>Das interdisziplin\u00e4re Modul bietet in diesem Semester zahlreiche spannende Einblicke aus unterschiedlichen Fachdisziplinen, die Ringvorlesung ist zudem f\u00fcr alle Interessierten innerhalb und au\u00dferhalb der RUB ge\u00f6ffnet. Eine aktuelle Pressemeldung finden Sie hier.Die Modulbeschreibung finden Sie hier. Foto Andre Baumeister<\/p>\n","protected":false},"author":1,"featured_media":4428,"comment_status":"open","ping_status":"open","sticky":false,"template":"","format":"standard","meta":{"_themeisle_gutenberg_block_has_review":false,"footnotes":""},"categories":[1],"tags":[],"class_list":["post-4427","post","type-post","status-publish","format-standard","has-post-thumbnail","hentry","category-neuigkeiten"],"_links":{"self":[{"href":"https:\/\/optio.ruhr-uni-bochum.de\/index.php\/wp-json\/wp\/v2\/posts\/4427","targetHints":{"allow":["GET"]}}],"collection":[{"href":"https:\/\/optio.ruhr-uni-bochum.de\/index.php\/wp-json\/wp\/v2\/posts"}],"about":[{"href":"https:\/\/optio.ruhr-uni-bochum.de\/index.php\/wp-json\/wp\/v2\/types\/post"}],"author":[{"embeddable":true,"href":"https:\/\/optio.ruhr-uni-bochum.de\/index.php\/wp-json\/wp\/v2\/users\/1"}],"replies":[{"embeddable":true,"href":"https:\/\/optio.ruhr-uni-bochum.de\/index.php\/wp-json\/wp\/v2\/comments?post=4427"}],"version-history":[{"count":1,"href":"https:\/\/optio.ruhr-uni-bochum.de\/index.php\/wp-json\/wp\/v2\/posts\/4427\/revisions"}],"predecessor-version":[{"id":4429,"href":"https:\/\/optio.ruhr-uni-bochum.de\/index.php\/wp-json\/wp\/v2\/posts\/4427\/revisions\/4429"}],"wp:featuredmedia":[{"embeddable":true,"href":"https:\/\/optio.ruhr-uni-bochum.de\/index.php\/wp-json\/wp\/v2\/media\/4428"}],"wp:attachment":[{"href":"https:\/\/optio.ruhr-uni-bochum.de\/index.php\/wp-json\/wp\/v2\/media?parent=4427"}],"wp:term":[{"taxonomy":"category","embeddable":true,"href":"https:\/\/optio.ruhr-uni-bochum.de\/index.php\/wp-json\/wp\/v2\/categories?post=4427"},{"taxonomy":"post_tag","embeddable":true,"href":"https:\/\/optio.ruhr-uni-bochum.de\/index.php\/wp-json\/wp\/v2\/tags?post=4427"}],"curies":[{"name":"wp","href":"https:\/\/api.w.org\/{rel}","templated":true}]}}