{"id":6906,"date":"2023-02-01T14:08:48","date_gmt":"2023-02-01T13:08:48","guid":{"rendered":"https:\/\/optio.ruhr-uni-bochum.de\/?p=6906"},"modified":"2023-11-14T11:06:38","modified_gmt":"2023-11-14T10:06:38","slug":"ausschreibung-projektleitung","status":"publish","type":"post","link":"https:\/\/optio.ruhr-uni-bochum.de\/index.php\/ausschreibung-projektleitung\/","title":{"rendered":"Ausschreibung Projektleitung"},"content":{"rendered":"\n<p>climb-Lernferien begeistern Kinder, Jugendliche und Erwachsene fu\u0308rs Lernen. Mit unseren Lernferien<br>zeigen wir seit 2012 Schu\u0308ler<em>innen, was in ihnen steckt, machen junge Lehrer<\/em>innen und engagierte<br>Erwachsene stark und gestalten mit ihnen eine buntere, gerechtere Bildungslandschaft.<br>F\u00fcr unseren Standort in Dortmund suchen wir <strong>zum 15.02.2023<\/strong> ein<em>e Mitarbeiter<\/em>in (m\/w\/d)<br>als Projektleitung in Teilzeit.<br>Wenn du gern lernst, meistens furchtlos bist oder es gern w\u00e4rst; wenn du von dir und den<br>Menschen, mit denen du arbeitest, viel erwartest und du auch an langen Tagen den Humor nicht<br>verlierst \u2013 dann bist du bei climb genau richtig!<\/p>\n\n\n\n<p><strong>Wen wir suchen:<\/strong><br>Als Projektleitung bist du Teil des wachsenden Bu\u0308roteams Ruhr und arbeitest in enger<br>Zusammenarbeit mit der Lokalkoordination und den Schulleitungen der Kooperationsschule im<br>jeweiligen Stadtteil zusammen. Du betreust eine Projektleitungsassistenz und organisiert den<br>reibungslosen Ablauf der Lernferien, sowie der Vor- und Nachbereitung. Die Projektleitung ist f\u00fcr<br>die Qualit\u00e4t der Lernferien verantwortlich, kann ihre Visionen umsetzen und erste<br>F\u00fchrungserfahrungen sammeln.<br>Als climb-Projektleitung suchen wir Menschen, die Lust auf Bildungsgerechtigkeit haben,<br>ihr eigenes Handeln und das Anderer gerne reflektieren, die gut zuho\u0308ren und Mut machen<br>ko\u0308nnen und die sich, Andere und climb mit Ideen und ihrer Inspiration weiterentwickeln<br>wollen.<\/p>\n\n\n\n<p><strong>Was wir bieten:<\/strong><br>Wir verstehen climb als ein \u201eBildungslabor\u201c- einen Ort, an dem Kinder, Jugendliche und<br>Erwachsene mit- und voneinander lernen und gemeinsam wachsen. Als Projektleitung bist du<br>vom 15.02. bis wahlweise 15.05. oder 15.11.2023 bei der gemeinn\u00fctzigen CLIMB GmbH f\u00fcr ein<br>oder mehrere Projekt(e) sozialversicherungspflichtig oder als Werkstudent*in angestellt. Dein<br>Zeitaufwand betr\u00e4gt in der Vor- und Nachbereitung 6 &#8211; 10 Stunden, w\u00e4hrend der Lernferien<br>Vollzeit! Die Aufgabe l\u00e4sst sich erfahrungsgem\u00e4\u00df gut neben dem Studium oder als Zweitjob<br>bew\u00e4ltigen.<\/p>\n\n\n\n<p><a href=\"https:\/\/optio.ruhr-uni-bochum.de\/wp-content\/uploads\/2023\/02\/PL-Ausschreibung-Dortmund-ab-Fruehjahr-2023.pdf\" target=\"_blank\" rel=\"noreferrer noopener\">Weitere Informationen findest du hier.<\/a><\/p>\n","protected":false},"excerpt":{"rendered":"<p>climb-Lernferien begeistern Kinder, Jugendliche und Erwachsene fu\u0308rs Lernen. Mit unseren Lernferienzeigen wir seit 2012 Schu\u0308lerinnen, was in ihnen steckt, machen junge Lehrerinnen und engagierteErwachsene stark und gestalten mit ihnen eine buntere, gerechtere Bildungslandschaft.F\u00fcr unseren Standort in Dortmund suchen wir zum 15.02.2023 eine Mitarbeiterin (m\/w\/d)als Projektleitung in Teilzeit.Wenn du gern lernst, [&hellip;]<\/p>\n","protected":false},"author":1,"featured_media":6909,"comment_status":"open","ping_status":"open","sticky":false,"template":"","format":"standard","meta":{"_themeisle_gutenberg_block_has_review":false,"footnotes":""},"categories":[22],"tags":[],"class_list":["post-6906","post","type-post","status-publish","format-standard","has-post-thumbnail","hentry","category-perspektiven"],"_links":{"self":[{"href":"https:\/\/optio.ruhr-uni-bochum.de\/index.php\/wp-json\/wp\/v2\/posts\/6906","targetHints":{"allow":["GET"]}}],"collection":[{"href":"https:\/\/optio.ruhr-uni-bochum.de\/index.php\/wp-json\/wp\/v2\/posts"}],"about":[{"href":"https:\/\/optio.ruhr-uni-bochum.de\/index.php\/wp-json\/wp\/v2\/types\/post"}],"author":[{"embeddable":true,"href":"https:\/\/optio.ruhr-uni-bochum.de\/index.php\/wp-json\/wp\/v2\/users\/1"}],"replies":[{"embeddable":true,"href":"https:\/\/optio.ruhr-uni-bochum.de\/index.php\/wp-json\/wp\/v2\/comments?post=6906"}],"version-history":[{"count":2,"href":"https:\/\/optio.ruhr-uni-bochum.de\/index.php\/wp-json\/wp\/v2\/posts\/6906\/revisions"}],"predecessor-version":[{"id":6913,"href":"https:\/\/optio.ruhr-uni-bochum.de\/index.php\/wp-json\/wp\/v2\/posts\/6906\/revisions\/6913"}],"wp:featuredmedia":[{"embeddable":true,"href":"https:\/\/optio.ruhr-uni-bochum.de\/index.php\/wp-json\/wp\/v2\/media\/6909"}],"wp:attachment":[{"href":"https:\/\/optio.ruhr-uni-bochum.de\/index.php\/wp-json\/wp\/v2\/media?parent=6906"}],"wp:term":[{"taxonomy":"category","embeddable":true,"href":"https:\/\/optio.ruhr-uni-bochum.de\/index.php\/wp-json\/wp\/v2\/categories?post=6906"},{"taxonomy":"post_tag","embeddable":true,"href":"https:\/\/optio.ruhr-uni-bochum.de\/index.php\/wp-json\/wp\/v2\/tags?post=6906"}],"curies":[{"name":"wp","href":"https:\/\/api.w.org\/{rel}","templated":true}]}}