{"id":7310,"date":"2023-05-22T12:16:23","date_gmt":"2023-05-22T10:16:23","guid":{"rendered":"https:\/\/optio.ruhr-uni-bochum.de\/?p=7310"},"modified":"2023-11-13T10:47:54","modified_gmt":"2023-11-13T09:47:54","slug":"freie-plaetze-bei-den-rub-summer-schools","status":"publish","type":"post","link":"https:\/\/optio.ruhr-uni-bochum.de\/index.php\/freie-plaetze-bei-den-rub-summer-schools\/","title":{"rendered":"Freie Pl\u00e4tze bei den RUB Summer Schools"},"content":{"rendered":"\n<p>Die Summer School thematisiert die historische, geografische, kulturelle und gesellschaftliche Entwicklung eines multikulturellen Landes zwischen Tradition und Moderne und das aufgrund des Klimawandels vor gro\u00dfen Herausforderungen steht. Ziel ist eine disziplin\u00fcbergreifende Heranf\u00fchrung an das international herausfordernde Ph\u00e4nomen der Migration und Mobilit\u00e4t. Die Fokussierung auf die Philippinen f\u00f6rdert die vertiefte Auseinandersetzung mit der Thematik. Die Summer School bietet mit vier thematischen Bl\u00f6cken Wahl- und thematisch individuelle Vertiefungsm\u00f6glichkeiten. Gearbeitet wird u. a. mit Reiseberichten, Kolonialchroniken der chinesischen Community oder der Analyse des philippinischen Englisch. Erg\u00e4nzt werden die Themenbl\u00f6cke durch eine Exkursion und Plenarveranstaltungen, die die Ergebnisse zusammenf\u00fchren. Ein kulturelles Rahmenprogramm begleitet die Summer School.<\/p>\n\n\n\n<h2 class=\"wp-block-heading has-text-align-left\">Philippines : Perspectives. Summer School 2023.<\/h2>\n\n\n\n<p>Die Summer School thematisiert die historische, geografische, kulturelle und gesellschaftliche Entwicklung eines multikulturellen Landes zwischen Tradition und Moderne und das aufgrund des Klimawandels vor gro\u00dfen Herausforderungen steht.<\/p>\n\n\n\n<h3 class=\"wp-block-heading\">Termine<\/h3>\n\n\n\n<p><strong>tba<\/strong> verpflichtendes Vorbereitungstreffen (Pr\u00e4senz)<br><strong>tba<\/strong> Start der Vorbereitungsphase, Moodle<br><strong>17. \u2013 28. Juli 2023, jeweils 9:30 \u2013 18 h<\/strong> Blockwoche (Pr\u00e4senz)<\/p>\n\n\n\n<h3 class=\"wp-block-heading\">Credits und Anmeldung<\/h3>\n\n\n\n<p>Teilnehmen k\u00f6nnen fortgeschrittene Bachelor- und Masterstudierende aller F\u00e4cher. Die Summer School kann je nach fachlicher Voraussetzung mit 3, 5 oder 6 ECTS absolviert werden. Bitte wenden Sie sich zun\u00e4chst an ihre\/n jeweiligen Studienfachberater\/in, um die Anrechnung in ihrem Studiengang zu kl\u00e4ren.<\/p>\n\n\n\n<p>Anmeldung vom 06.03. \u2013 05.06.2023 per Mail an Beatriz Friedel-Ablanedo (<a href=\"mailto:beatriz.friedel@rub.de\" target=\"_blank\" rel=\"noreferrer noopener\">beatriz.friedel@rub.de<\/a>). Bitte verwenden Sie f\u00fcr die Anmeldung Ihre RUB-E-Mail f\u00fcr eine sichere und virenfreie Kommunikation.<\/p>\n\n\n\n<p>Anmeldefrist: <strong>13.06.2023<\/strong><\/p>\n\n\n\n<p><a rel=\"noreferrer noopener\" href=\"https:\/\/vvz.ruhr-uni-bochum.de\/campus\/all\/module.asp?gguid=0x5B9311F621EA48719C4C4AEFA1A5A857&amp;tguid=0x699D25992ED34B6E9889C1D506E44105&amp;lang=de\" target=\"_blank\">Campus-Link f\u00fcr Bachelorstudierende (Modul im Optionalbereich)<\/a><\/p>\n\n\n\n<p><a rel=\"noreferrer noopener\" href=\"https:\/\/vvz.ruhr-uni-bochum.de\/campus\/all\/module.asp?gguid=0x650F6C13FE0F4AD19FEF13B318C92008&amp;tguid=0x699D25992ED34B6E9889C1D506E44105&amp;lang=de\" target=\"_blank\">Campus-Link f\u00fcr Masterstudierende (Modul im Freien Wahlbereich Master)<\/a><\/p>\n\n\n\n<h2 class=\"wp-block-heading has-text-align-left\">Der Krieg in der Ukraine als Herausforderung f\u00fcr Zivilgesellschaft und Medien. Summer School 2023.<\/h2>\n\n\n\n<p>Der russische Angriffskrieg auf die Ukraine hat vieles auf den Kopf gestellt: politisch, wirtschaftlich und gesellschaftlich. Die Summer School beleuchtet insbesondere die zivilgesellschaftlich-mediale Kommunikation der Geschehnisse und fragt, wie sich der Dialog mit den Organisationen gestaltet, die sich in ihrer tagt\u00e4glichen Arbeit mit Osteuropa befassen und als Br\u00fccke zwischen den Kulturen agieren. Wie gestaltet sich das Zusammenspiel zwischen medial vermittelten Diskursen und allt\u00e4glicher, praktischer Konfliktbearbeitung mit Blick auf die Berichterstattung in russischen und deutschen Medien? Wie verlaufen die gesellschaftlichen Konfliktlinien und welchen Beitrag leisten die Osteuropa-NGOs zur Vermittlung und Befriedung in den zivilgesellschaftlichen Diskursen? Mit Fragen nach historischem Hintergrund, medialen Vermittlungsstrategien und zivilgesellschaftlichen Herausforderungen des Krieges werden geistes- und gesellschaftswissenschaftliche Disziplinen adressiert; insbesondere Geschichte, Slavistik, Medien- und Sozialwissenschaft oder auch Philosophie und Erziehungswissenschaft.<\/p>\n\n\n\n<h3 class=\"wp-block-heading\">Termine<\/h3>\n\n\n\n<p><strong>30. Juni 2023, 9-12 h<\/strong> verpflichtendes Vorbereitungstreffen (GABF 04\/356).<br><strong>tba<\/strong> Start der Vorbereitungsphase, Moodle<br><strong>18. \u2013 29. September 2023, jeweils 9-17 h<\/strong> Blockwoche (Pr\u00e4senz)<\/p>\n\n\n\n<h3 class=\"wp-block-heading\">Credits und Anmeldung<\/h3>\n\n\n\n<p>Teilnehmen k\u00f6nnen fortgeschrittene Bachelor- und Masterstudierende, insbesondere geistes-, gesellschaftswissenschaftlicher Disziplinen. Die Summer School kann je nach fachlicher Voraussetzung mit 3, 5 oder 6 ECTS absolviert werden. Bitte wenden Sie sich zun\u00e4chst an ihre\/n jeweiligen Studienfachberater\/in, um die Anrechnung in ihrem Studiengang zu kl\u00e4ren.<\/p>\n\n\n\n<p>Anmeldung per E-Mail mit einem kurzen Motivationsschreiben sowie der Angabe der Matrikelnummer und Studienf\u00e4cher an die leitende Dozentin Agniezka Zaganczyk-Neufeld (agniezka.zaganczyk-neufeld@rub.de). Die Teilnehmer*innen werden nach Ablauf der Anmeldefrist zeitnah informiert.<\/p>\n\n\n\n<p>Anmeldefrist: <strong>31.05.2023<\/strong><\/p>\n\n\n\n<p><a href=\"https:\/\/vvz.ruhr-uni-bochum.de\/campus\/all\/module.asp?gguid=0x91A8BB1E64974E8F88DEF8A96B5D6BD8&amp;tabID=1&amp;tguid=0x699D25992ED34B6E9889C1D506E44105&amp;lang=de\" target=\"_blank\" rel=\"noreferrer noopener\">Campus-Link f\u00fcr Bachelorstudierende (Modul im Optionalbereich)<\/a><\/p>\n\n\n\n<p><a rel=\"noreferrer noopener\" href=\"https:\/\/vvz.ruhr-uni-bochum.de\/campus\/all\/module.asp?gguid=0xE79B4E94BA43404B9438E0040C22E889&amp;tguid=0x699D25992ED34B6E9889C1D506E44105&amp;lang=de\" target=\"_blank\">Campus-Link f\u00fcr Masterstudierende (Modul im Freien Wahlbereich Master)<\/a><\/p>\n\n\n\n<h2 class=\"wp-block-heading has-text-align-left\">Vergessen. Interdisziplin\u00e4re und historische Perspektiven auf ein gesellschaftliches Ph\u00e4nomen. Summer School 2023.<\/h2>\n\n\n\n<p>Quelle kreativen Denkens oder doch nur pathologisches Schicksal? Die Philosophie sah im Vergessen eine Quelle des (kreativen) Denkens, die Rechtsmedizin wiederum ein Zeichen grunds\u00e4tzlicher Unzurechnungsf\u00e4higkeit und eingeschr\u00e4nkter Schuldf\u00e4higkeit, und der Erinnerungskultur galt es als \u201eKomplize[] des Erinnerns\u201c (Aleida Assmann). Zu Beginn des 21. Jahrhunderts ist das Vergessen als \u201aDemenz\u2018 zu einem gesellschaftlich relevanten Ph\u00e4nomen avanciert, dessen Bedeutung und Implikationen von Au\u00dfenstehenden kaum ermessen, in der Literatur aber zunehmend thematisiert und so veranschaulicht werden.<\/p>\n\n\n\n<p>Die Summer School widmet sich verschiedenen Formen des Vergessens und ihrer Bewertung in Philosophie, Psychologie und (Rechts-)Medizin, Kunst und Literatur. In verschiedenen historischen Kontexten wird die Ausdifferenzierung des Vergessens in den genannten Disziplinen verfolgt und historisch-kontextualisierend verglichen. Im Zentrum steht hierbei die Vermittlung der Komplexit\u00e4t des Vergessens als gesamtgesellschaftlich relevantes Ph\u00e4nomen. Durch die interdisziplin\u00e4ren Zug\u00e4nge werden zum einen die mit dem Vergessen verbundenen unterschiedlichen Herausforderungen und Potentiale herausgestellt. Zum anderen lernen Studierende verschiedene disziplin\u00e4re Arbeitsweisen und Zug\u00e4nge kennen, wenden sie an und erfahren, inwiefern ein und dasselbe Ph\u00e4nomen in Abh\u00e4ngigkeit vom disziplin\u00e4ren Kontext unterschiedlich rezipiert und interpretiert werden kann.<\/p>\n\n\n\n<h3 class=\"wp-block-heading\" id=\"block-47666749-b689-4f28-843e-ce74587275a8\">Termine<\/h3>\n\n\n\n<p id=\"block-ef485668-c228-49df-beb5-f698f7ebbaf6\"><strong>tba<\/strong> Verpflichtendes Vorbereitungstreffen (Zoom)<br><strong>tba <\/strong>Start der Vorbereitungsphase<br><strong>18.-21. September 2023, 9-17 Uhr<\/strong> Blockwoche (Pr\u00e4senz)<\/p>\n\n\n\n<h3 class=\"wp-block-heading\" id=\"block-ef485668-c228-49df-beb5-f698f7ebbaf6\">Credits und Anmeldung<\/h3>\n\n\n\n<p id=\"block-ef753035-7729-4777-bf8b-779a8faf0b49\">Teilnehmen k\u00f6nnen fortgeschrittene Bachelor- sowie Masterstudierende aller F\u00e4cher. Die Summer School kann je nach fachlicher Voraussetzung mit 3, 5 oder 6 ECTS absolviert werden. Bitte wenden Sie sich zun\u00e4chst an ihre\/n jeweiligen Studienfachberater\/in, um eine Anrechnung in ihrem Studiengang zu kl\u00e4ren.<\/p>\n\n\n\n<p id=\"block-42d1d3cc-535f-4671-9710-05aa9d1561b1\">Die Anmeldung erfolgt f\u00fcr alle Studierenden \u00fcber Campus \u00fcber das Modul im Optionalbereich (Modulanmeldeverfahren). Anmeldefristen: vom 06.03.2023 bis 15.05.2023<\/p>\n\n\n\n<p id=\"block-c2a1ef67-5d38-4612-8f25-3d0d47b5a13a\"><a rel=\"noreferrer noopener\" href=\"https:\/\/vvz.ruhr-uni-bochum.de\/campus\/all\/module.asp?gguid=0x49852F73912944BEAE2614ADC460AB1A&amp;tguid=0x699D25992ED34B6E9889C1D506E44105&amp;lang=de\" target=\"_blank\">Campus-Link f\u00fcr Bachelorstudierende (Modul im Optionalbereich)<\/a> <strong>Hier geht es zur Anmeldung<\/strong>!<\/p>\n\n\n\n<p id=\"block-7dfc24c6-c9d8-43f8-9daa-f145f6b525e4\"><a rel=\"noreferrer noopener\" href=\"https:\/\/vvz.ruhr-uni-bochum.de\/campus\/all\/module.asp?gguid=0xBEF03A255C674E72ACC13BB1FE9BC0B0&amp;tguid=0x699D25992ED34B6E9889C1D506E44105&amp;lang=de\" target=\"_blank\">Campus-Link f\u00fcr Masterstudierende (Modul im Freien Wahlbereich Master)<\/a><\/p>\n\n\n\n<h2 class=\"wp-block-heading has-text-align-left\">Der Raum zwischen zwei W\u00e4nden. Summer School 2023.<\/h2>\n\n\n\n<p>K\u00fcnstlerisches Handeln mit analogen Techniken ist das Motto der diesj\u00e4hrigen Summer School im Musischen Zentrum der RUB. Im Kontrast zur heutigen (post-) modernen Welt, in der wir unsere Entscheidungen und Handlungen in eher kleinen R\u00e4umen \u2013 im Abstand von K\u00f6rper zu Tisch, Stuhl und Rechner \u2013 t\u00e4tigen, geht es in der Summer School um die Auseinandersetzung und Gestaltung der uns umgebenden (physischen) R\u00e4ume: ganz bewu\u00dft ohne Nutzung digitaler Medien.<\/p>\n\n\n\n<p>In einer Mischung aus Panel-Diskussionen, Impulsvortr\u00e4gen, Feedback- und Reflexionseinheiten werden die Studierenden angeleitet, Gestaltungsr\u00e4ume im Hier und Jetzt jenseits digitaler Welten zu erschaffen und entlang (\u00fcber-) fachlicher Perspektiven zu reflektieren. \u00dcber einen Moodle-Kurs werden entsprechende Materialien zur Vorbereitung der Blockwoche bereitgestellt.<\/p>\n\n\n\n<p>Die k\u00fcnstlerische Projektarbeit wird in drei parallelen Workshops angeleitet:<br><strong>Workshop 1<\/strong>: Zeichnung, Malerei und Collage | <strong>Workshop 2<\/strong>: Text und Sprache | <strong>Workshop 3<\/strong>: experimentelles Arbeiten mit verschiedenen Drucktechniken. Die Workshopthemen werden zeitnah \u00fcber die <a rel=\"noreferrer noopener\" href=\"https:\/\/mz-rub.de\/ferienkurse\/\" target=\"_blank\">Website des Musischen Zentrums<\/a> n\u00e4her beschrieben.<\/p>\n\n\n\n<h3 class=\"wp-block-heading\">Termine<\/h3>\n\n\n\n<p><strong>20. Juni 2022, 10-12 Uhr<\/strong> Verpflichtendes Vorbereitungstreffen (Zoom)<br><strong>21. Juni 2022 <\/strong>Start der Vorbereitungsphase | Moodle<br><strong>28. August \u2013 02. September 2023, jeweils 9-13 Uhr und 14-18 Uhr<\/strong> Blockwoche (Pr\u00e4senz)<\/p>\n\n\n\n<h3 class=\"wp-block-heading\">Credits und Anmeldung<\/h3>\n\n\n\n<p>Teilnehmen k\u00f6nnen fortgeschrittene Bachelor- sowie Masterstudierende aller F\u00e4cher. Die Summer School kann je nach fachlicher Voraussetzung mit 3, 5 oder 6 ECTS absolviert werden. Bitte wenden Sie sich zun\u00e4chst an ihre\/n jeweiligen Studienfachberater\/in, um die Anrechnung in ihrem Studiengang zu kl\u00e4ren.<\/p>\n\n\n\n<p>Anmeldung f\u00fcr das verpflichtende Vorbereitungstreffen mit kurzem Motivationsschreiben (ca. 5 S\u00e4tze) per E-Mail an <a href=\"mailto:mz-kunst@rub.de\">mz-kunst@rub.de<\/a> bis zum 19. Juni 2023. Bitte geben Sie Ihren Workshopwunsch, Ihre Matrikelnummer sowie das Studienfach mit Fachsemesterzahl an.<\/p>\n\n\n\n<p><a href=\"https:\/\/vvz.ruhr-uni-bochum.de\/campus\/all\/module.asp?gguid=0x97FB79483ECE4BF8A521DB37463E6B5C&amp;tguid=0x699D25992ED34B6E9889C1D506E44105&amp;lang=de\" target=\"_blank\" rel=\"noreferrer noopener\">Campus-Link f\u00fcr Bachelorstudierende (Modul im Optionalbereich)<\/a><\/p>\n\n\n\n<p><a rel=\"noreferrer noopener\" href=\"https:\/\/vvz.ruhr-uni-bochum.de\/campus\/all\/module.asp?gguid=0x5B5DCA8A3F614203932D9AD180684360&amp;tguid=0x699D25992ED34B6E9889C1D506E44105&amp;lang=de\" target=\"_blank\">Camus-Link f\u00fcr Masterstudierende (Modul im Freien Wahlbereich Master)<\/a><\/p>\n\n\n\n<h2 class=\"wp-block-heading has-text-align-left\">Fighting Corruption by using Data on the SDGs. Summer School 2023.<\/h2>\n\n\n\n<p>The Summer School aims to equip participants with the knowledge and the skills needed to collect, analyse and use governance data to monitor corruption and promote anti-corruption reforms across the Sustainable Development Goal (SDG) framework. The Summer School is designed to bring together students from various disciplines with anti-corruption practitioners to foster innovative approaches to curbing corruption in sectors such as health, education, justice, water and sanitation and climate action.<\/p>\n\n\n\n<p>A key element of the course is that the participants are expected to produce a \u201croadmap\u201d to fight a specific corruption problem, using governance data with linkages to the SDG framework. By developing this road map the participants identify key players who can help them, map out relevant indicators and datasets for assessing and measuring corruption, and come up with an advocacy strategy. The Summer School is offered in cooperation with Transparency International (TI).<\/p>\n\n\n\n<h3 class=\"wp-block-heading\">Termine<\/h3>\n\n\n\n<p><strong>June 15, 2022, 9-18 h<\/strong> mandatory preparation session (presence, room BF 4\/46)<br><strong>tba<\/strong> start of praparation course (moodle)<br><strong>July 24 \u2013 29, 2023, 9-18 h<\/strong> block course (presence, room BF 4\/46)<\/p>\n\n\n\n<h3 class=\"wp-block-heading\">Credits und Anmeldung<\/h3>\n\n\n\n<p>The Summer School is open to B.A. and M.A. students from all faculties. Additionally, students from any other field of study are able to participate, space permitting. Students can achive either 3, 5 or 6 ECTS according to their study program. Please contact your student advisory service bevor registration.<\/p>\n\n\n\n<p>The application will start March 01, 2023, and will end June 09, 2023 (<a rel=\"noreferrer noopener\" href=\"https:\/\/cms-ifhv-de.kumpel.cloud\/assets\/ffbf67c7-cd30-4315-b4c5-c7617171af9c.pdf\" target=\"_blank\">link to registration form<\/a>).<\/p>\n\n\n\n<p><a href=\"https:\/\/vvz.ruhr-uni-bochum.de\/campus\/all\/module.asp?gguid=0x2413772070CF4D51BD4904366B771548&amp;tguid=0x699D25992ED34B6E9889C1D506E44105&amp;lang=de\" target=\"_blank\" rel=\"noreferrer noopener\">Campus-Link for Bachelorstudents (Modul im Optionalbereich)<\/a><\/p>\n\n\n\n<p><a rel=\"noreferrer noopener\" href=\"https:\/\/vvz.ruhr-uni-bochum.de\/campus\/all\/module.asp?gguid=0x8030F38030794FAD8B1FDA5727BCFDF6&amp;tguid=0x699D25992ED34B6E9889C1D506E44105&amp;lang=de\" target=\"_blank\">Camus-Link for Masterstudents (Modul im Freien Wahlbereich Master)<\/a><\/p>\n\n\n\n<h2 class=\"wp-block-heading has-text-align-left\">Design Thinking und Engagement. Summer School 2023.<\/h2>\n\n\n\n<p>Die Summer School bringt Bachelor- und Masterstudierende verschiedener Fachrichtungen der RUB und der UDE zusammen, um in interdisziplin\u00e4r gemischten Teams und mit der Methode des Design Thinking L\u00f6sungen f\u00fcr eine reale gesellschaftliche Herausforderung (social innovation) zu entwickeln. Wir arbeiten mit regionalen Praxispartnern aus der Zivilgesellschaft, die ein reales Problem als Aufgabenstellung (Challenge) in den Kurs einbringen. In einer abschlie\u00dfenden Pr\u00e4sentation werden die erarbeiteten L\u00f6sungsans\u00e4tze in Form von Prototypen visualisiert und dem Praxispartner \u00fcbergeben. Ein Moodle-Kurs erm\u00f6glicht die intensive Einarbeitung und inhaltliche Begleitung der Projektarbeit.<\/p>\n\n\n\n<h3 class=\"wp-block-heading\">Termine<\/h3>\n\n\n\n<p><strong>08. Mai 2023, 16-18 Uhr<\/strong> digitales Vorbereitungstreffen (Zoom)<br><strong>15. Juli 2023 <\/strong>Start des Moodle Kurses<br><strong>25. August und 28. August \u2013 01. September 2023, jeweils 10-18 Uhr<\/strong> Blockwoche (Pr\u00e4senz)<\/p>\n\n\n\n<h3 class=\"wp-block-heading\">Credits und Anmeldung<\/h3>\n\n\n\n<p>Teilnehmen k\u00f6nnen fortgeschrittene Bachelor- sowie Masterstudierende aller F\u00e4cher. Die Summer School kann je nach fachlicher Voraussetzung mit 3, 5 oder 6 ECTS absolviert werden. Bitte wenden Sie sich zun\u00e4chst an ihre\/n jeweiligen Studienfachberater\/in, um die Anrechnung in ihrem Studiengang zu kl\u00e4ren.<\/p>\n\n\n\n<p>Die Anmeldung erfolgt \u00fcber eCampus (Modulanmeldeverfahren). Folgen Sie dem entsprechenden Campus-Link f\u00fcr Bachelor oder Master.<\/p>\n\n\n\n<p>Anmeldezeitraum: vom 06. M\u00e4rz bis 01. Mai 2023.<\/p>\n\n\n\n<p><a href=\"https:\/\/vvz.ruhr-uni-bochum.de\/campus\/all\/module.asp?gguid=0xC313C9638E1A4CB2949C5FB380D930F6&amp;tguid=0x699D25992ED34B6E9889C1D506E44105&amp;lang=de\" target=\"_blank\" rel=\"noreferrer noopener\">Campus-Link f\u00fcr Bachelorstudierende (Modul im Optionalbereich)<\/a><\/p>\n\n\n\n<p><a href=\"https:\/\/vvz.ruhr-uni-bochum.de\/campus\/all\/module.asp?gguid=0x2A1C67CEE4CB4203985E1887CD0DEE65&amp;tabID=1&amp;tguid=0x699D25992ED34B6E9889C1D506E44105&amp;lang=de\" target=\"_blank\" rel=\"noreferrer noopener\">Camus-Link f\u00fcr Masterstudierende (Modul im Freien Wahlbereich Master)<\/a><\/p>\n","protected":false},"excerpt":{"rendered":"<p>Die Summer School thematisiert die historische, geografische, kulturelle und gesellschaftliche Entwicklung eines multikulturellen Landes zwischen Tradition und Moderne und das aufgrund des Klimawandels vor gro\u00dfen Herausforderungen steht. Ziel ist eine disziplin\u00fcbergreifende Heranf\u00fchrung an das international herausfordernde Ph\u00e4nomen der Migration und Mobilit\u00e4t. Die Fokussierung auf die Philippinen f\u00f6rdert die vertiefte Auseinandersetzung [&hellip;]<\/p>\n","protected":false},"author":1,"featured_media":7316,"comment_status":"open","ping_status":"open","sticky":false,"template":"","format":"standard","meta":{"_themeisle_gutenberg_block_has_review":false,"footnotes":""},"categories":[1],"tags":[],"class_list":["post-7310","post","type-post","status-publish","format-standard","has-post-thumbnail","hentry","category-neuigkeiten"],"_links":{"self":[{"href":"https:\/\/optio.ruhr-uni-bochum.de\/index.php\/wp-json\/wp\/v2\/posts\/7310","targetHints":{"allow":["GET"]}}],"collection":[{"href":"https:\/\/optio.ruhr-uni-bochum.de\/index.php\/wp-json\/wp\/v2\/posts"}],"about":[{"href":"https:\/\/optio.ruhr-uni-bochum.de\/index.php\/wp-json\/wp\/v2\/types\/post"}],"author":[{"embeddable":true,"href":"https:\/\/optio.ruhr-uni-bochum.de\/index.php\/wp-json\/wp\/v2\/users\/1"}],"replies":[{"embeddable":true,"href":"https:\/\/optio.ruhr-uni-bochum.de\/index.php\/wp-json\/wp\/v2\/comments?post=7310"}],"version-history":[{"count":6,"href":"https:\/\/optio.ruhr-uni-bochum.de\/index.php\/wp-json\/wp\/v2\/posts\/7310\/revisions"}],"predecessor-version":[{"id":13401,"href":"https:\/\/optio.ruhr-uni-bochum.de\/index.php\/wp-json\/wp\/v2\/posts\/7310\/revisions\/13401"}],"wp:featuredmedia":[{"embeddable":true,"href":"https:\/\/optio.ruhr-uni-bochum.de\/index.php\/wp-json\/wp\/v2\/media\/7316"}],"wp:attachment":[{"href":"https:\/\/optio.ruhr-uni-bochum.de\/index.php\/wp-json\/wp\/v2\/media?parent=7310"}],"wp:term":[{"taxonomy":"category","embeddable":true,"href":"https:\/\/optio.ruhr-uni-bochum.de\/index.php\/wp-json\/wp\/v2\/categories?post=7310"},{"taxonomy":"post_tag","embeddable":true,"href":"https:\/\/optio.ruhr-uni-bochum.de\/index.php\/wp-json\/wp\/v2\/tags?post=7310"}],"curies":[{"name":"wp","href":"https:\/\/api.w.org\/{rel}","templated":true}]}}