{"id":7337,"date":"2023-05-31T11:30:03","date_gmt":"2023-05-31T09:30:03","guid":{"rendered":"https:\/\/optio.ruhr-uni-bochum.de\/?p=7337"},"modified":"2023-11-14T10:51:39","modified_gmt":"2023-11-14T09:51:39","slug":"rumaenien-exkursion","status":"publish","type":"post","link":"https:\/\/optio.ruhr-uni-bochum.de\/index.php\/rumaenien-exkursion\/","title":{"rendered":"Landeskundliche Trekking Exkursion durch die S\u00fcdkarpaten (02. &#8211; 16.09.2023)"},"content":{"rendered":"\n<p>Ohne den Einfluss des Menschen w\u00e4re Deutschland heute zu zwei Dritteln von Wald bedeckt. Ganz sind diese Urw\u00e4lder aber auch in Europa noch nicht verschwunden. Vor allem entlang der rum\u00e4nischen Karpaten \u2013 den Muntii Carpati \u2013 haben gro\u00dfe Fl\u00e4chen urspr\u00fcnglicher Waldgebiete \u00fcberlebt. Rund 90 Prozent der Urw\u00e4lder Mitteleuropas erstrecken sich hier. Noch immer gibt es hier T\u00e4ler, in die keine Stra\u00dfen und nicht einmal markierte Wege f\u00fchren, in denen fernab jeglicher Siedlung die Natur noch sich selbst \u00fcberlassen ist. In den W\u00e4ldern streifen Gro\u00dfraubtiere wie W\u00f6lfe, Luchse und Braunb\u00e4ren umher \u2013 eine biologische Vielfalt von unsch\u00e4tzbarem Wert.<\/p>\n\n\n\n<figure class=\"wp-block-gallery has-nested-images columns-default is-cropped wp-block-gallery-1 is-layout-flex wp-block-gallery-is-layout-flex\">\n<figure class=\"wp-block-image size-large\"><img decoding=\"async\" width=\"213\" height=\"213\" data-id=\"7342\" src=\"https:\/\/optio.ruhr-uni-bochum.de\/wp-content\/uploads\/2023\/05\/baer.png\" alt=\"\" class=\"wp-image-7342\" srcset=\"https:\/\/optio.ruhr-uni-bochum.de\/wp-content\/uploads\/2023\/05\/baer.png 213w, https:\/\/optio.ruhr-uni-bochum.de\/wp-content\/uploads\/2023\/05\/baer-150x150.png 150w\" sizes=\"(max-width: 213px) 100vw, 213px\" \/><\/figure>\n\n\n\n<figure class=\"wp-block-image size-large\"><img decoding=\"async\" data-id=\"7341\" src=\"https:\/\/optio.ruhr-uni-bochum.de\/wp-content\/uploads\/2023\/05\/haeuser.png\" alt=\"\" class=\"wp-image-7341\"\/><\/figure>\n\n\n\n<figure class=\"wp-block-image size-large\"><img decoding=\"async\" width=\"213\" height=\"213\" data-id=\"7340\" src=\"https:\/\/optio.ruhr-uni-bochum.de\/wp-content\/uploads\/2023\/05\/ochse.png\" alt=\"\" class=\"wp-image-7340\" srcset=\"https:\/\/optio.ruhr-uni-bochum.de\/wp-content\/uploads\/2023\/05\/ochse.png 213w, https:\/\/optio.ruhr-uni-bochum.de\/wp-content\/uploads\/2023\/05\/ochse-150x150.png 150w\" sizes=\"(max-width: 213px) 100vw, 213px\" \/><\/figure>\n<\/figure>\n\n\n\n<p>W\u00e4hrend der Exkursion in die W\u00e4lder Rum\u00e4niens widmen wir uns vor allem dem angewandten Naturschutz, der Wiederaufforstung von W\u00e4ldern und mit M\u00f6glichkeiten zum nachhaltigen Schutz von \u00d6kosystemen und Techniken zur Wiederaufforstung eines klimaresilienten Waldes. Zwischen den dichten Kronen der B\u00e4ume und \u00fcber die Baumgrenze hinaus besch\u00e4ftigen wir uns mit den nat\u00fcrlichen Regenerations- und Wachstumsprozessen, die die Natur entwickelt hat. Bei dieser Exkursion arbeiten wir zusammen mit Europas gr\u00f6\u00dftem privat getragenen \u201eConservation-Projekt\u201c CAPARTHIA, das diese einzigartige Wildnis sch\u00fctzen will. Das Projekt der Stiftung Funda\u0163ia Conservation Carpathia (FCC) hat sich zum Ziel gesetzt, in Transsilvanien in den rum\u00e4nischen S\u00fcdkarpaten den gr\u00f6\u00dften Wald-Nationalpark Europas zu schaffen.<\/p>\n\n\n\n<p>Leistungen:<br>Leitung durch Dr. Andr\u00e9 Baumeister \/ Fachvortr\u00e4ge durch lokale Guides von CARPATHIA \/ Zeltverleih \/ lokale Unterk\u00fcnfte \/ Verpflegung \/ Nachtzug ab Wien \/ s\u00e4mtliche Transferfahrten \/ einzigartige Erlebnisse in einer der letzten Wildnisregionen Europas \/ 5 CPs \u00fcber den Optionalbereich der RUB (externe Anrechnung m\u00f6glich) <\/p>\n\n\n\n<p>Informationsveranstaltung 15.06., 16:00 Uhr via Zoom (Anmeldung: andre.baumeister@rub.de)<\/p>\n\n\n\n<p>Anmeldefrist 20.06.2023<\/p>\n\n\n\n<p>Kosten: ca. 1.250 \u20ac<\/p>\n\n\n\n<div data-wp-interactive=\"core\/file\" class=\"wp-block-file\"><object data-wp-bind--hidden=\"!state.hasPdfPreview\" hidden class=\"wp-block-file__embed\" data=\"https:\/\/optio.ruhr-uni-bochum.de\/wp-content\/uploads\/2023\/05\/Aushang_Rumaenien_RUB.pdf\" type=\"application\/pdf\" style=\"width:100%;height:1098px\" aria-label=\"PDF-Einbettung\"><\/object><a href=\"https:\/\/optio.ruhr-uni-bochum.de\/wp-content\/uploads\/2023\/05\/Aushang_Rumaenien_RUB.pdf\" class=\"wp-block-file__button wp-element-button\" download>Herunterladen<\/a><\/div>\n","protected":false},"excerpt":{"rendered":"<p>Ohne den Einfluss des Menschen w\u00e4re Deutschland heute zu zwei Dritteln von Wald bedeckt. Ganz sind diese Urw\u00e4lder aber auch in Europa noch nicht verschwunden. Vor allem entlang der rum\u00e4nischen Karpaten \u2013 den Muntii Carpati \u2013 haben gro\u00dfe Fl\u00e4chen urspr\u00fcnglicher Waldgebiete \u00fcberlebt. Rund 90 Prozent der Urw\u00e4lder Mitteleuropas erstrecken sich [&hellip;]<\/p>\n","protected":false},"author":1,"featured_media":8328,"comment_status":"open","ping_status":"open","sticky":false,"template":"","format":"standard","meta":{"_themeisle_gutenberg_block_has_review":false,"footnotes":""},"categories":[1],"tags":[],"class_list":["post-7337","post","type-post","status-publish","format-standard","has-post-thumbnail","hentry","category-neuigkeiten"],"_links":{"self":[{"href":"https:\/\/optio.ruhr-uni-bochum.de\/index.php\/wp-json\/wp\/v2\/posts\/7337","targetHints":{"allow":["GET"]}}],"collection":[{"href":"https:\/\/optio.ruhr-uni-bochum.de\/index.php\/wp-json\/wp\/v2\/posts"}],"about":[{"href":"https:\/\/optio.ruhr-uni-bochum.de\/index.php\/wp-json\/wp\/v2\/types\/post"}],"author":[{"embeddable":true,"href":"https:\/\/optio.ruhr-uni-bochum.de\/index.php\/wp-json\/wp\/v2\/users\/1"}],"replies":[{"embeddable":true,"href":"https:\/\/optio.ruhr-uni-bochum.de\/index.php\/wp-json\/wp\/v2\/comments?post=7337"}],"version-history":[{"count":3,"href":"https:\/\/optio.ruhr-uni-bochum.de\/index.php\/wp-json\/wp\/v2\/posts\/7337\/revisions"}],"predecessor-version":[{"id":7365,"href":"https:\/\/optio.ruhr-uni-bochum.de\/index.php\/wp-json\/wp\/v2\/posts\/7337\/revisions\/7365"}],"wp:featuredmedia":[{"embeddable":true,"href":"https:\/\/optio.ruhr-uni-bochum.de\/index.php\/wp-json\/wp\/v2\/media\/8328"}],"wp:attachment":[{"href":"https:\/\/optio.ruhr-uni-bochum.de\/index.php\/wp-json\/wp\/v2\/media?parent=7337"}],"wp:term":[{"taxonomy":"category","embeddable":true,"href":"https:\/\/optio.ruhr-uni-bochum.de\/index.php\/wp-json\/wp\/v2\/categories?post=7337"},{"taxonomy":"post_tag","embeddable":true,"href":"https:\/\/optio.ruhr-uni-bochum.de\/index.php\/wp-json\/wp\/v2\/tags?post=7337"}],"curies":[{"name":"wp","href":"https:\/\/api.w.org\/{rel}","templated":true}]}}