{"id":7949,"date":"2023-11-28T09:08:52","date_gmt":"2023-11-28T08:08:52","guid":{"rendered":"https:\/\/optio.ruhr-uni-bochum.de\/?p=7949"},"modified":"2023-11-28T09:08:54","modified_gmt":"2023-11-28T08:08:54","slug":"liste-der-freien-plaetze-fuer-die-module-des-optionalbereichs-fuer-das-wise-2023-24","status":"publish","type":"post","link":"https:\/\/optio.ruhr-uni-bochum.de\/index.php\/liste-der-freien-plaetze-fuer-die-module-des-optionalbereichs-fuer-das-wise-2023-24\/","title":{"rendered":"Liste der freien Pl\u00e4tze fu\u0308r die Module des Optionalbereichs fu\u0308r das WiSe 2023\/24 ist online!"},"content":{"rendered":"\n<figure class=\"wp-block-table alignfull is-style-regular has-small-font-size\" style=\"text-transform:none\"><table><thead><tr><th class=\"has-text-align-left\" data-align=\"left\"><strong>Modul<\/strong><\/th><th class=\"has-text-align-left\" data-align=\"left\"><strong>Semester<\/strong>                                                                                             <\/th><th class=\"has-text-align-left\" data-align=\"left\"><strong>CP<\/strong>                     <\/th><th class=\"has-text-align-left\" data-align=\"left\"><strong>Profil<\/strong><\/th><th class=\"has-text-align-left\" data-align=\"left\"><strong>Anmeldung<\/strong><\/th><\/tr><\/thead><tbody><tr><td class=\"has-text-align-left\" data-align=\"left\"><strong>Fakult\u00e4t fu\u0308r Philosophie und Erziehungswissenschaft<\/strong><\/td><td class=\"has-text-align-left\" data-align=\"left\"><\/td><td class=\"has-text-align-left\" data-align=\"left\"><\/td><td class=\"has-text-align-left\" data-align=\"left\"><\/td><td class=\"has-text-align-left\" data-align=\"left\"><\/td><\/tr><tr><td class=\"has-text-align-left\" data-align=\"left\">Basismodul Bildungswissenschaften<\/td><td class=\"has-text-align-left\" data-align=\"left\">1<\/td><td class=\"has-text-align-left\" data-align=\"left\">5<\/td><td class=\"has-text-align-left\" data-align=\"left\">Freie Studien, Lehramt &amp; Wissensvermittlung<\/td><td class=\"has-text-align-left\" data-align=\"left\">Die Anmeldung fu\u0308r das Modul erfolgt u\u0308ber die Veranstaltung 030510 Theorien der Erziehung noch bis zum 01.12.23. Sie sind damit fu\u0308r das ganze Modul angemeldet.<\/td><\/tr><tr><td class=\"has-text-align-left\" data-align=\"left\">Creative Lab Ruhr: Gesellschaftlich wirken und regional vernetzen<\/td><td class=\"has-text-align-left\" data-align=\"left\">1<\/td><td class=\"has-text-align-left\" data-align=\"left\">5<\/td><td class=\"has-text-align-left\" data-align=\"left\">Freie Studien &amp; Praxis<\/td><td class=\"has-text-align-left\" data-align=\"left\">Die Anmeldung fu\u0308r das Modul ist noch bis zum 31.10.2023 regul\u00e4r auf der Modulebene m\u00f6glich.<\/td><\/tr><tr><td class=\"has-text-align-left\" data-align=\"left\"><strong>Fakult\u00e4t fu\u0308r Philologie<\/strong><\/td><td class=\"has-text-align-left\" data-align=\"left\"><\/td><td class=\"has-text-align-left\" data-align=\"left\"><\/td><td class=\"has-text-align-left\" data-align=\"left\"><\/td><td class=\"has-text-align-left\" data-align=\"left\"><\/td><\/tr><tr><td class=\"has-text-align-left\" data-align=\"left\">DSSZ Teil 1: Umgang mit sprachlicher Heterogenit\u00e4t in der Schule Schwerpunkt DaF\/DaZ<\/td><td class=\"has-text-align-left\" data-align=\"left\">1<\/td><td class=\"has-text-align-left\" data-align=\"left\">3<\/td><td class=\"has-text-align-left\" data-align=\"left\">Freie Studien, Lehramt &amp; Wissensvermittlung<\/td><td class=\"has-text-align-left\" data-align=\"left\">Eine Anmeldung ist noch bis zum 29.10.2023 u\u0308ber eCampus auf der Veranstaltungsebene m\u00f6glich.<\/td><\/tr><tr><td class=\"has-text-align-left\" data-align=\"left\">DSSZ Teil 1: Umgang mit sprachlicher Heterogenit\u00e4t in der Schule Schwerpunkt moderne Fremdsprachenf\u00e4cher<\/td><td class=\"has-text-align-left\" data-align=\"left\">1<\/td><td class=\"has-text-align-left\" data-align=\"left\">3<\/td><td class=\"has-text-align-left\" data-align=\"left\">Freie Studien, Lehramt &amp; Wissensvermittlung<\/td><td class=\"has-text-align-left\" data-align=\"left\">Eine Anmeldung ist noch bis zum 29.10.2023 u\u0308ber eCampus auf der Veranstaltungsebene m\u00f6glich.<\/td><\/tr><tr><td class=\"has-text-align-left\" data-align=\"left\">DSSZ Teil 1: Umgang mit sprachlicher Heterogenit\u00e4t in der Schule Schwerpunkt Sachf\u00e4cher<\/td><td class=\"has-text-align-left\" data-align=\"left\">1<\/td><td class=\"has-text-align-left\" data-align=\"left\">3<\/td><td class=\"has-text-align-left\" data-align=\"left\">Freie Studien, Lehramt &amp; Wissensvermittlung<\/td><td class=\"has-text-align-left\" data-align=\"left\">Eine Anmeldung ist noch bis zum 29.10.2023 u\u0308ber eCampus auf der Veranstaltungsebene m\u00f6glich.<\/td><\/tr><tr><td class=\"has-text-align-left\" data-align=\"left\">DSSZ Teil 2: Lesen und Schreiben im Fremd- und Zweitsprachenunterricht: Aufgaben entwickeln, Textkompetenzen f\u00f6rdern, Gruppe A (nur fu\u0308r Studierende der Anglistik oder<br>Romanistik)<\/td><td class=\"has-text-align-left\" data-align=\"left\">1<\/td><td class=\"has-text-align-left\" data-align=\"left\">3<\/td><td class=\"has-text-align-left\" data-align=\"left\">Freie Studien, Lehramt &amp; Wissensvermittlung<\/td><td class=\"has-text-align-left\" data-align=\"left\">Es sind noch Pl\u00e4tze frei. Die Anmeldung erfogt u\u0308ber DSSZ@rub.de.<\/td><\/tr><tr><td class=\"has-text-align-left\" data-align=\"left\">DSSZ Teil 2: Lesen und Schreiben im Fremd- und Zweitsprachenunterricht: Aufgaben entwickeln, Textkompetenzen f\u00f6rdern, Gruppe B (nur fu\u0308r Studierende der Anglistik oder<br>Romanistik)<\/td><td class=\"has-text-align-left\" data-align=\"left\">1<\/td><td class=\"has-text-align-left\" data-align=\"left\">3<\/td><td class=\"has-text-align-left\" data-align=\"left\">Freie Studien, Lehramt &amp; Wissensvermittlung<\/td><td class=\"has-text-align-left\" data-align=\"left\">Es sind noch Pl\u00e4tze frei. Die Anmeldung erfogt u\u0308ber DSSZ@rub.de.<\/td><\/tr><tr><td class=\"has-text-align-left\" data-align=\"left\"><strong>PSE<\/strong><\/td><td class=\"has-text-align-left\" data-align=\"left\"><\/td><td class=\"has-text-align-left\" data-align=\"left\"><\/td><td class=\"has-text-align-left\" data-align=\"left\"><\/td><td class=\"has-text-align-left\" data-align=\"left\"><\/td><\/tr><tr><td class=\"has-text-align-left\" data-align=\"left\">Schulpraxisstudien Teil 1: Schule und Lehrerberuf aus schulp\u00e4dagogischer Perspektive<\/td><td class=\"has-text-align-left\" data-align=\"left\">1<\/td><td class=\"has-text-align-left\" data-align=\"left\">2<\/td><td class=\"has-text-align-left\" data-align=\"left\">Freie Studien, Lehramt, Praxis &amp; Wissensvermittlung<\/td><td class=\"has-text-align-left\" data-align=\"left\">Eine Anmeldung u\u0308ber eCampus u\u0308ber die Veranstaltungsebene ist noch bis zum 15.12.2023 m\u00f6glich.<\/td><\/tr><tr><td class=\"has-text-align-left\" data-align=\"left\"><strong>Dezernat 1<\/strong><\/td><td class=\"has-text-align-left\" data-align=\"left\"><\/td><td class=\"has-text-align-left\" data-align=\"left\"><\/td><td class=\"has-text-align-left\" data-align=\"left\"><\/td><td class=\"has-text-align-left\" data-align=\"left\"><\/td><\/tr><tr><td class=\"has-text-align-left\" data-align=\"left\">Data Literacy \u2013 Grundlagen fu\u0308r das \u00dcberleben in der Datenwelt<\/td><td class=\"has-text-align-left\" data-align=\"left\">1<\/td><td class=\"has-text-align-left\" data-align=\"left\">5<\/td><td class=\"has-text-align-left\" data-align=\"left\">Forschung &amp; Freie Studien<\/td><td class=\"has-text-align-left\" data-align=\"left\">Es sind noch genu\u0308gend freie Pl\u00e4tze vorhanden. Die Anmeldung erfolgt u\u0308ber eCampus auf der Modulebene.<\/td><\/tr><tr><td class=\"has-text-align-left\" data-align=\"left\"><strong>Optionalbereich<\/strong><\/td><td class=\"has-text-align-left\" data-align=\"left\"><\/td><td class=\"has-text-align-left\" data-align=\"left\"><\/td><td class=\"has-text-align-left\" data-align=\"left\"><\/td><td class=\"has-text-align-left\" data-align=\"left\"><\/td><\/tr><tr><td class=\"has-text-align-left\" data-align=\"left\">Irland: Sprache und Kultur 1<\/td><td class=\"has-text-align-left\" data-align=\"left\">1<\/td><td class=\"has-text-align-left\" data-align=\"left\">5<\/td><td class=\"has-text-align-left\" data-align=\"left\">Freie Studien &amp; Sprachen<\/td><td class=\"has-text-align-left\" data-align=\"left\">Die Anmeldung erfolgt per Mail an: paulfbotheroyd@gmx.de<\/td><\/tr><tr><td class=\"has-text-align-left\" data-align=\"left\">Irland: Sprache und Kultur 2<\/td><td class=\"has-text-align-left\" data-align=\"left\">1<\/td><td class=\"has-text-align-left\" data-align=\"left\">5<\/td><td class=\"has-text-align-left\" data-align=\"left\">Freie Studien &amp; Sprachen<\/td><td class=\"has-text-align-left\" data-align=\"left\">Die Anmeldung erfolgt per Mail an: paulfbotheroyd@gmx.de<\/td><\/tr><tr><td class=\"has-text-align-left\" data-align=\"left\">Irland: Sprache und Kultur 3<\/td><td class=\"has-text-align-left\" data-align=\"left\">1<\/td><td class=\"has-text-align-left\" data-align=\"left\">5<\/td><td class=\"has-text-align-left\" data-align=\"left\">Freie Studien &amp; Sprachen<\/td><td class=\"has-text-align-left\" data-align=\"left\">Die Anmeldung erfolgt per Mail an: paulfbotheroyd@gmx.de<\/td><\/tr><tr><td class=\"has-text-align-left\" data-align=\"left\">Irland: Sprache und Kultur 4<\/td><td class=\"has-text-align-left\" data-align=\"left\">1<\/td><td class=\"has-text-align-left\" data-align=\"left\">5<\/td><td class=\"has-text-align-left\" data-align=\"left\">Freie Studien &amp; Sprachen<\/td><td class=\"has-text-align-left\" data-align=\"left\">Die Anmeldung erfolgt per Mail an: paulfbotheroyd@gmx.de<\/td><\/tr><tr><td class=\"has-text-align-left\" data-align=\"left\">Irland: Sprache II\/III<\/td><td class=\"has-text-align-left\" data-align=\"left\">1<\/td><td class=\"has-text-align-left\" data-align=\"left\">5<\/td><td class=\"has-text-align-left\" data-align=\"left\">Freie Studien &amp; Sprachen<\/td><td class=\"has-text-align-left\" data-align=\"left\">Die Anmeldung erfolgt per Mail an: paulfbotheroyd@gmx.de<\/td><\/tr><tr><td class=\"has-text-align-left\" data-align=\"left\">Irland: Sprache III\/IV<\/td><td class=\"has-text-align-left\" data-align=\"left\">1<\/td><td class=\"has-text-align-left\" data-align=\"left\">5<\/td><td class=\"has-text-align-left\" data-align=\"left\">Freie Studien &amp; Sprachen<\/td><td class=\"has-text-align-left\" data-align=\"left\">Die Anmeldung erfolgt per Mail an: paulfbotheroyd@gmx.de<\/td><\/tr><tr><td class=\"has-text-align-left\" data-align=\"left\">Basismodul Arbeitsrecht<\/td><td class=\"has-text-align-left\" data-align=\"left\">1<\/td><td class=\"has-text-align-left\" data-align=\"left\">5<\/td><td class=\"has-text-align-left\" data-align=\"left\">Freie Studien<\/td><td class=\"has-text-align-left\" data-align=\"left\">Die Anmeldung ist u\u0308ber eCampus-optionalbereich@rub.de m\u00f6glich.<\/td><\/tr><tr><td class=\"has-text-align-left\" data-align=\"left\">Basismodul \u00d6ffentliches Recht<\/td><td class=\"has-text-align-left\" data-align=\"left\">1<\/td><td class=\"has-text-align-left\" data-align=\"left\">5<\/td><td class=\"has-text-align-left\" data-align=\"left\">Freie Studien<\/td><td class=\"has-text-align-left\" data-align=\"left\">Die Anmeldung ist u\u0308ber eCampus-optionalbereich@rub.de m\u00f6glich.<\/td><\/tr><tr><td class=\"has-text-align-left\" data-align=\"left\">Basismodul Rechtsgeschichte<\/td><td class=\"has-text-align-left\" data-align=\"left\">1<\/td><td class=\"has-text-align-left\" data-align=\"left\">5<\/td><td class=\"has-text-align-left\" data-align=\"left\">Freie Studien<\/td><td class=\"has-text-align-left\" data-align=\"left\">Die Anmeldung ist u\u0308ber eCampus-optionalbereich@rub.de m\u00f6glich.<\/td><\/tr><tr><td class=\"has-text-align-left\" data-align=\"left\">Basismodul Rechtsphilosophie<\/td><td class=\"has-text-align-left\" data-align=\"left\">1<\/td><td class=\"has-text-align-left\" data-align=\"left\">5<\/td><td class=\"has-text-align-left\" data-align=\"left\">Freie Studien<\/td><td class=\"has-text-align-left\" data-align=\"left\">Die Anmeldung ist u\u0308ber eCampus-optionalbereich@rub.de m\u00f6glich.<\/td><\/tr><tr><td class=\"has-text-align-left\" data-align=\"left\"><strong>Akafoe (BZI)<\/strong><\/td><td class=\"has-text-align-left\" data-align=\"left\"><\/td><td class=\"has-text-align-left\" data-align=\"left\"><\/td><td class=\"has-text-align-left\" data-align=\"left\"><\/td><td class=\"has-text-align-left\" data-align=\"left\"><\/td><\/tr><tr><td class=\"has-text-align-left\" data-align=\"left\">Berufsfeldpraktikum: Pers\u00f6nliche Assistenz<\/td><td class=\"has-text-align-left\" data-align=\"left\">1<\/td><td class=\"has-text-align-left\" data-align=\"left\">5<\/td><td class=\"has-text-align-left\" data-align=\"left\">Freie Studien, Lehramt, Praxis &amp; Wissensvermittlung<\/td><td class=\"has-text-align-left\" data-align=\"left\">Eine Anmeldung ist fortlaufend m\u00f6glich. Alle Informationen finden Sie hier: https:\/\/campus.uv.ruhr-unibochum.de\/campus\/all\/module.asp?gguid=0x864712FD849C448DB4CF7C5CF8AE0EC7<\/td><\/tr><tr><td class=\"has-text-align-left\" data-align=\"left\"><strong>Chancenwerk<\/strong><\/td><td class=\"has-text-align-left\" data-align=\"left\"><\/td><td class=\"has-text-align-left\" data-align=\"left\"><\/td><td class=\"has-text-align-left\" data-align=\"left\"><\/td><td class=\"has-text-align-left\" data-align=\"left\"><\/td><\/tr><tr><td class=\"has-text-align-left\" data-align=\"left\">Berufsfeldpraktikum: Chancenwerk e.V. \u2013 Lernf\u00f6rderung in unseren ChancenSCHULEN<\/td><td class=\"has-text-align-left\" data-align=\"left\">1<\/td><td class=\"has-text-align-left\" data-align=\"left\">10<\/td><td class=\"has-text-align-left\" data-align=\"left\">Freie Studien, Lehramt, Praxis &amp; Wissensvermittlung<\/td><td class=\"has-text-align-left\" data-align=\"left\">Eine Anmeldung ist fortlaufend m\u00f6glich. Alle Informationen finden Sie hier: https:\/\/campus.uv.ruhr-unibochum.de\/campus\/all\/module.asp?gguid=0xCB55AA1B456B42FA8782F4F8FA2B4521<\/td><\/tr><tr><td class=\"has-text-align-left\" data-align=\"left\">Berufsfeldpraktikum: Lernf\u00f6rderung<\/td><td class=\"has-text-align-left\" data-align=\"left\">1<\/td><td class=\"has-text-align-left\" data-align=\"left\">5<\/td><td class=\"has-text-align-left\" data-align=\"left\">Freie Studien, Lehramt, Praxis &amp; Wissensvermittlung<\/td><td class=\"has-text-align-left\" data-align=\"left\">Eine Anmeldung ist fortlaufend m\u00f6glich. Alle Informationen finden Sie hier: https:\/\/campus.uv.ruhr-unibochum.de\/campus\/all\/module.asp?gguid=0x248FD9CE554544969929395D6B2BDDC3<\/td><\/tr><tr><td class=\"has-text-align-left\" data-align=\"left\">Berufsfeldpraktikum: Lernf\u00f6rderung &#8211; digital<\/td><td class=\"has-text-align-left\" data-align=\"left\">1<\/td><td class=\"has-text-align-left\" data-align=\"left\">5<\/td><td class=\"has-text-align-left\" data-align=\"left\">Freie Studien, Lehramt, Praxis &amp; Wissensvermittlung<\/td><td class=\"has-text-align-left\" data-align=\"left\">Eine Anmeldung ist fortlaufend m\u00f6glich. Alle Informationen finden Sie hier: https:\/\/campus.uv.ruhr-unibochum.de\/campus\/all\/module.asp?gguid=0xAEF195FA841F4551937E44E813AC418B<\/td><\/tr><tr><td class=\"has-text-align-left\" data-align=\"left\"><strong>Fakult\u00e4t fu\u0308r Wirtschaftswissenschaft<\/strong><\/td><td class=\"has-text-align-left\" data-align=\"left\"><\/td><td class=\"has-text-align-left\" data-align=\"left\"><\/td><td class=\"has-text-align-left\" data-align=\"left\"><\/td><td class=\"has-text-align-left\" data-align=\"left\"><\/td><\/tr><tr><td class=\"has-text-align-left\" data-align=\"left\">Grundlagen der Existenzgru\u0308ndung<\/td><td class=\"has-text-align-left\" data-align=\"left\">1<\/td><td class=\"has-text-align-left\" data-align=\"left\">5<\/td><td class=\"has-text-align-left\" data-align=\"left\">Freie Studien &amp; Praxis<\/td><td class=\"has-text-align-left\" data-align=\"left\">Es sind noch Pl\u00e4tze frei. Bitte wenden Sie sich zur Anmeldung an andreas.bonse@rub.de.<\/td><\/tr><tr><td class=\"has-text-align-left\" data-align=\"left\">Einfu\u0308hrung in das Rechnungswesen\/Controlling<\/td><td class=\"has-text-align-left\" data-align=\"left\">1<\/td><td class=\"has-text-align-left\" data-align=\"left\">5<\/td><td class=\"has-text-align-left\" data-align=\"left\">Freie Studien<\/td><td class=\"has-text-align-left\" data-align=\"left\">Es sind noch Pl\u00e4tze frei. Bitte wenden Sie sich zur Anmeldung an andreas.bonse@rub.de.<\/td><\/tr><tr><td class=\"has-text-align-left\" data-align=\"left\">Einfu\u0308hrung in die Volkswirtschaftslehre<\/td><td class=\"has-text-align-left\" data-align=\"left\">1<\/td><td class=\"has-text-align-left\" data-align=\"left\">5<\/td><td class=\"has-text-align-left\" data-align=\"left\">Freie Studien<\/td><td class=\"has-text-align-left\" data-align=\"left\">Es sind noch Pl\u00e4tze frei. Bitte wenden Sie sich zur Anmeldung an andreas.bonse@rub.de.<\/td><\/tr><tr><td class=\"has-text-align-left\" data-align=\"left\">M\u00e4rkte und Unternehmungen<\/td><td class=\"has-text-align-left\" data-align=\"left\">1<\/td><td class=\"has-text-align-left\" data-align=\"left\">5<\/td><td class=\"has-text-align-left\" data-align=\"left\">Freie Studien<\/td><td class=\"has-text-align-left\" data-align=\"left\">Es sind noch Pl\u00e4tze frei. Bitte wenden Sie sich zur Anmeldung an andreas.bonse@rub.de.<\/td><\/tr><tr><td class=\"has-text-align-left\" data-align=\"left\">Strategisches Management<\/td><td class=\"has-text-align-left\" data-align=\"left\">1<\/td><td class=\"has-text-align-left\" data-align=\"left\">5<\/td><td class=\"has-text-align-left\" data-align=\"left\">Freie Studien &amp; Praxis<\/td><td class=\"has-text-align-left\" data-align=\"left\">Es sind noch Pl\u00e4tze frei. Bitte wenden Sie sich zur Anmeldung an andreas.bonse@rub.de.<\/td><\/tr><tr><td class=\"has-text-align-left\" data-align=\"left\">Grundlagen der Mikro\u00f6konomik<\/td><td class=\"has-text-align-left\" data-align=\"left\">1<\/td><td class=\"has-text-align-left\" data-align=\"left\">5<\/td><td class=\"has-text-align-left\" data-align=\"left\">Freie Studien<\/td><td class=\"has-text-align-left\" data-align=\"left\">Es sind noch Pl\u00e4tze frei. Bitte wenden Sie sich zur Anmeldung an andreas.bonse@rub.de.<\/td><\/tr><tr><td class=\"has-text-align-left\" data-align=\"left\">Statistik I<\/td><td class=\"has-text-align-left\" data-align=\"left\">1<\/td><td class=\"has-text-align-left\" data-align=\"left\">5<\/td><td class=\"has-text-align-left\" data-align=\"left\">Freie Studien<\/td><td class=\"has-text-align-left\" data-align=\"left\">Es sind noch Pl\u00e4tze frei. Bitte wenden Sie sich zur Anmeldung an andreas.bonse@rub.de.<\/td><\/tr><tr><td class=\"has-text-align-left\" data-align=\"left\"><strong>Winterschools<\/strong><\/td><td class=\"has-text-align-left\" data-align=\"left\"><\/td><td class=\"has-text-align-left\" data-align=\"left\"><\/td><td class=\"has-text-align-left\" data-align=\"left\"><\/td><td class=\"has-text-align-left\" data-align=\"left\"><\/td><\/tr><tr><td class=\"has-text-align-left\" data-align=\"left\">Nachhaltigkeitsdilemmata: Ressourcenschonung, Klimaschutz und Plastikvermeidung.<\/td><td class=\"has-text-align-left\" data-align=\"left\">1<\/td><td class=\"has-text-align-left\" data-align=\"left\">5<\/td><td class=\"has-text-align-left\" data-align=\"left\">Freie Studien, Forschung &amp; Zukunft<\/td><td class=\"has-text-align-left\" data-align=\"left\">Die Anmeldung ist noch bis zum 01.12.2023 m\u00f6glich. Bitte sehen Sie sich hierzu die Informationen in eCampus an: https:\/\/campus.uv.ruhr-unibochum.de\/campus\/all\/module.asp?gguid=0x2F3F0C64F3C54D4C984F2ACD6D66612E<\/td><\/tr><tr><td class=\"has-text-align-left\" data-align=\"left\">Minds, Creativity, and Machines: Mapping the Imagination<\/td><td class=\"has-text-align-left\" data-align=\"left\">1<\/td><td class=\"has-text-align-left\" data-align=\"left\">5<\/td><td class=\"has-text-align-left\" data-align=\"left\">Freie Studien &amp; Zukunft<\/td><td class=\"has-text-align-left\" data-align=\"left\">Die Anmeldung ist noch bis zum 15.12.2023 m\u00f6glich. Bitte sehen Sie sich hierzu die Informationen in eCampus an: https:\/\/campus.uv.ruhr-unibochum.de\/campus\/all\/module.asp?gguid=0x0AD064B181014880924B6F9F4DEB5C96<\/td><\/tr><tr><td class=\"has-text-align-left\" data-align=\"left\"><strong>Fakult\u00e4t fu\u0308r Geowissenschaften<\/strong><\/td><td class=\"has-text-align-left\" data-align=\"left\"><\/td><td class=\"has-text-align-left\" data-align=\"left\"><\/td><td class=\"has-text-align-left\" data-align=\"left\"><\/td><td class=\"has-text-align-left\" data-align=\"left\"><\/td><\/tr><tr><td class=\"has-text-align-left\" data-align=\"left\">Geographien der Flucht &#8211; Ein interdisziplin\u00e4rer Einblick in verschiedenen Facetten des Ph\u00e4nomens Flucht im Herkunfts- und Ankunftsland<\/td><td class=\"has-text-align-left\" data-align=\"left\">1<\/td><td class=\"has-text-align-left\" data-align=\"left\">5<\/td><td class=\"has-text-align-left\" data-align=\"left\">Freie Studien &amp; Zukunft<\/td><td class=\"has-text-align-left\" data-align=\"left\">Es sind noch 12 Pl\u00e4tze frei. Die Anmeldung erfolgt direkt bei der Dozentin Astrid Seckelmann per Mail an astrid.seckelmann@rub.de.<\/td><\/tr><tr><td class=\"has-text-align-left\" data-align=\"left\"><strong>IDF<\/strong><\/td><td class=\"has-text-align-left\" data-align=\"left\"><\/td><td class=\"has-text-align-left\" data-align=\"left\"><\/td><td class=\"has-text-align-left\" data-align=\"left\"><\/td><td class=\"has-text-align-left\" data-align=\"left\"><\/td><\/tr><tr><td class=\"has-text-align-left\" data-align=\"left\">Europa in der Zeitenwende<\/td><td class=\"has-text-align-left\" data-align=\"left\">1<\/td><td class=\"has-text-align-left\" data-align=\"left\">5<\/td><td class=\"has-text-align-left\" data-align=\"left\">Freie Studien<\/td><td class=\"has-text-align-left\" data-align=\"left\">Es sind noch 30 Pl\u00e4tze frei. Die Anmeldung erfolgt per Mail an christian.schulze@rub.de.<\/td><\/tr><tr><td class=\"has-text-align-left\" data-align=\"left\"><strong>IDG<\/strong><\/td><td class=\"has-text-align-left\" data-align=\"left\"><\/td><td class=\"has-text-align-left\" data-align=\"left\"><\/td><td class=\"has-text-align-left\" data-align=\"left\"><\/td><td class=\"has-text-align-left\" data-align=\"left\"><\/td><\/tr><tr><td class=\"has-text-align-left\" data-align=\"left\">Scholars under political discrimination and persecution. Scholars at Risk Human Rights Advocacy Seminar<\/td><td class=\"has-text-align-left\" data-align=\"left\">1<\/td><td class=\"has-text-align-left\" data-align=\"left\">5<\/td><td class=\"has-text-align-left\" data-align=\"left\">Praxis, International, Freie Studien, Wissensvermittlung &amp; Zukunft<\/td><td class=\"has-text-align-left\" data-align=\"left\">Es ist noch ein Platz frei. Anmeldeverfahren: per Mail. Studierende des Optionalbereichs k\u00f6nnen sich zwischen dem 25.09.2023 und 26.10.2023 per Mail (<a href=\"mailto:idg-lehre@rub.de\">idg-lehre@rub.de<\/a>) f\u00fcr das Modul anmelden. Die Anmeldungen werden nach Eingang ber\u00fccksichtigt und von den DozentInnen in eCampus eingetragen. Sollten sich im genannten Zeitfenster mehr Studierende anmelden als Pl\u00e4tze f\u00fcr das Modul vorgesehen sind, wird eine Warte-\/Nachr\u00fcckliste erstellt. Auch hier erfolgt die Ber\u00fccksichtigung nach Eingang der Anmeldungen.<\/td><\/tr><tr><td class=\"has-text-align-left\" data-align=\"left\"><strong>MZ<\/strong><\/td><td class=\"has-text-align-left\" data-align=\"left\"><\/td><td class=\"has-text-align-left\" data-align=\"left\"><\/td><td class=\"has-text-align-left\" data-align=\"left\"><\/td><td class=\"has-text-align-left\" data-align=\"left\"><\/td><\/tr><tr><td class=\"has-text-align-left\" data-align=\"left\">Klangkulissen: T\u00f6ne, Ger\u00e4usche und Musik im Sprechtheater<\/td><td class=\"has-text-align-left\" data-align=\"left\">1<\/td><td class=\"has-text-align-left\" data-align=\"left\">5<\/td><td class=\"has-text-align-left\" data-align=\"left\">Freie Studien &amp; Praxis<\/td><td class=\"has-text-align-left\" data-align=\"left\">Es sind noch 11 Pl\u00e4tze frei. Die Anmeldung erfolgt per Mail an Marina.mucha@rub.de.<\/td><\/tr><tr><td class=\"has-text-align-left\" data-align=\"left\">Tanztheater-Projekt: Birth &#8211; Future Borders. Thema: ZukunftsSuche<\/td><td class=\"has-text-align-left\" data-align=\"left\">1<\/td><td class=\"has-text-align-left\" data-align=\"left\">5<\/td><td class=\"has-text-align-left\" data-align=\"left\">Freie Studien &amp; Praxis<\/td><td class=\"has-text-align-left\" data-align=\"left\">Es sind noch 3 Pl\u00e4tze frei. Die Anmeldung erfolgt per Mail an Marina.mucha@rub.de.<\/td><\/tr><tr><td class=\"has-text-align-left\" data-align=\"left\">Georg Friedrich H\u00e4ndel: Popstar der Musikgeschichte &#8211; der erste gro\u00dfe Europ\u00e4er<\/td><td class=\"has-text-align-left\" data-align=\"left\">1<\/td><td class=\"has-text-align-left\" data-align=\"left\">5<\/td><td class=\"has-text-align-left\" data-align=\"left\">Freie Studien &amp; Praxis<\/td><td class=\"has-text-align-left\" data-align=\"left\">Es sind noch 9 Pl\u00e4tze frei. Die Anmeldung erfolgt per Mail an Marina.mucha@rub.de.<\/td><\/tr><tr><td class=\"has-text-align-left\" data-align=\"left\"><strong>ZfW<\/strong><\/td><td class=\"has-text-align-left\" data-align=\"left\"><\/td><td class=\"has-text-align-left\" data-align=\"left\"><\/td><td class=\"has-text-align-left\" data-align=\"left\"><\/td><td class=\"has-text-align-left\" data-align=\"left\"><\/td><\/tr><tr><td class=\"has-text-align-left\" data-align=\"left\">Schreibtutor*innen-Qualifizierung \u2013 Schreibdidaktische Grundlagen und Praxis der Schreibberatung (Berufsfeldpraktikum)<\/td><td class=\"has-text-align-left\" data-align=\"left\">2<\/td><td class=\"has-text-align-left\" data-align=\"left\">10<\/td><td class=\"has-text-align-left\" data-align=\"left\">Freie Studien, Praxis, Lehramt &amp; Wissensvermittlung<\/td><td class=\"has-text-align-left\" data-align=\"left\"><span><span>Die Anmeldung erfolgt ab sofort und bis sp\u00e4testens 07.01.2024 per E-Mail an Frau Dr. Nicole Hinrichs (nicole.hinrichs@rub.de) und Frau Dr. Ulrike Lange (ulrike.lange@rub.de) unter Angabe der Studienf\u00e4cher, des Namens und der Matrikelnummer. Wir vereinbaren dann ein individuelles Informationsgespr\u00e4ch.<\/span><\/span><\/td><\/tr><\/tbody><\/table><\/figure>\n","protected":false},"excerpt":{"rendered":"<p>Hier finden Sie die Liste mit den freien Pl\u00e4tzen.<\/p>\n","protected":false},"author":1,"featured_media":6731,"comment_status":"open","ping_status":"open","sticky":false,"template":"","format":"standard","meta":{"_themeisle_gutenberg_block_has_review":false,"footnotes":""},"categories":[1],"tags":[],"class_list":["post-7949","post","type-post","status-publish","format-standard","has-post-thumbnail","hentry","category-neuigkeiten"],"_links":{"self":[{"href":"https:\/\/optio.ruhr-uni-bochum.de\/index.php\/wp-json\/wp\/v2\/posts\/7949","targetHints":{"allow":["GET"]}}],"collection":[{"href":"https:\/\/optio.ruhr-uni-bochum.de\/index.php\/wp-json\/wp\/v2\/posts"}],"about":[{"href":"https:\/\/optio.ruhr-uni-bochum.de\/index.php\/wp-json\/wp\/v2\/types\/post"}],"author":[{"embeddable":true,"href":"https:\/\/optio.ruhr-uni-bochum.de\/index.php\/wp-json\/wp\/v2\/users\/1"}],"replies":[{"embeddable":true,"href":"https:\/\/optio.ruhr-uni-bochum.de\/index.php\/wp-json\/wp\/v2\/comments?post=7949"}],"version-history":[{"count":36,"href":"https:\/\/optio.ruhr-uni-bochum.de\/index.php\/wp-json\/wp\/v2\/posts\/7949\/revisions"}],"predecessor-version":[{"id":8525,"href":"https:\/\/optio.ruhr-uni-bochum.de\/index.php\/wp-json\/wp\/v2\/posts\/7949\/revisions\/8525"}],"wp:featuredmedia":[{"embeddable":true,"href":"https:\/\/optio.ruhr-uni-bochum.de\/index.php\/wp-json\/wp\/v2\/media\/6731"}],"wp:attachment":[{"href":"https:\/\/optio.ruhr-uni-bochum.de\/index.php\/wp-json\/wp\/v2\/media?parent=7949"}],"wp:term":[{"taxonomy":"category","embeddable":true,"href":"https:\/\/optio.ruhr-uni-bochum.de\/index.php\/wp-json\/wp\/v2\/categories?post=7949"},{"taxonomy":"post_tag","embeddable":true,"href":"https:\/\/optio.ruhr-uni-bochum.de\/index.php\/wp-json\/wp\/v2\/tags?post=7949"}],"curies":[{"name":"wp","href":"https:\/\/api.w.org\/{rel}","templated":true}]}}