{"id":9190,"date":"2024-02-12T09:42:01","date_gmt":"2024-02-12T08:42:01","guid":{"rendered":"https:\/\/optio.ruhr-uni-bochum.de\/?p=9190"},"modified":"2024-02-13T09:41:17","modified_gmt":"2024-02-13T08:41:17","slug":"musisches-zentrum-kunst-fuer-alle","status":"publish","type":"post","link":"https:\/\/optio.ruhr-uni-bochum.de\/index.php\/musisches-zentrum-kunst-fuer-alle\/","title":{"rendered":"Musisches Zentrum &#8211; Kunst f\u00fcr Alle"},"content":{"rendered":"\t\t<div data-elementor-type=\"wp-post\" data-elementor-id=\"9190\" class=\"elementor elementor-9190\" data-elementor-settings=\"{&quot;ha_cmc_init_switcher&quot;:&quot;no&quot;}\" data-elementor-post-type=\"post\">\n\t\t\t\t\t\t<section class=\"elementor-section elementor-top-section elementor-element elementor-element-32fedb7 elementor-section-boxed elementor-section-height-default elementor-section-height-default\" data-id=\"32fedb7\" data-element_type=\"section\" data-e-type=\"section\" data-settings=\"{&quot;_ha_eqh_enable&quot;:false}\">\n\t\t\t\t\t\t<div class=\"elementor-container elementor-column-gap-default\">\n\t\t\t\t\t<div class=\"elementor-column elementor-col-50 elementor-top-column elementor-element elementor-element-73c1b4b\" data-id=\"73c1b4b\" data-element_type=\"column\" data-e-type=\"column\">\n\t\t\t<div class=\"elementor-widget-wrap elementor-element-populated\">\n\t\t\t\t\t\t<div class=\"elementor-element elementor-element-c5c8d7f elementor-widget elementor-widget-image\" data-id=\"c5c8d7f\" data-element_type=\"widget\" data-e-type=\"widget\" data-widget_type=\"image.default\">\n\t\t\t\t<div class=\"elementor-widget-container\">\n\t\t\t\t\t\t\t\t\t\t\t\t<figure class=\"wp-caption\">\n\t\t\t\t\t\t\t\t\t\t<img fetchpriority=\"high\" decoding=\"async\" width=\"363\" height=\"638\" src=\"https:\/\/optio.ruhr-uni-bochum.de\/wp-content\/uploads\/2024\/02\/mz.jpg\" class=\"attachment-large size-large wp-image-9191\" alt=\"\" srcset=\"https:\/\/optio.ruhr-uni-bochum.de\/wp-content\/uploads\/2024\/02\/mz.jpg 363w, https:\/\/optio.ruhr-uni-bochum.de\/wp-content\/uploads\/2024\/02\/mz-171x300.jpg 171w\" sizes=\"(max-width: 363px) 100vw, 363px\" \/>\t\t\t\t\t\t\t\t\t\t\t<figcaption class=\"widget-image-caption wp-caption-text\">Musisches Zentrum (Bildquelle Filip Neag) <\/figcaption>\n\t\t\t\t\t\t\t\t\t\t<\/figure>\n\t\t\t\t\t\t\t\t\t<\/div>\n\t\t\t\t<\/div>\n\t\t\t\t<div class=\"elementor-element elementor-element-af12f15 elementor-widget elementor-widget-image\" data-id=\"af12f15\" data-element_type=\"widget\" data-e-type=\"widget\" data-widget_type=\"image.default\">\n\t\t\t\t<div class=\"elementor-widget-container\">\n\t\t\t\t\t\t\t\t\t\t\t\t<figure class=\"wp-caption\">\n\t\t\t\t\t\t\t\t\t\t<img decoding=\"async\" width=\"592\" height=\"583\" src=\"https:\/\/optio.ruhr-uni-bochum.de\/wp-content\/uploads\/2024\/02\/Bilder.jpg\" class=\"attachment-large size-large wp-image-9192\" alt=\"\" srcset=\"https:\/\/optio.ruhr-uni-bochum.de\/wp-content\/uploads\/2024\/02\/Bilder.jpg 592w, https:\/\/optio.ruhr-uni-bochum.de\/wp-content\/uploads\/2024\/02\/Bilder-300x295.jpg 300w\" sizes=\"(max-width: 592px) 100vw, 592px\" \/>\t\t\t\t\t\t\t\t\t\t\t<figcaption class=\"widget-image-caption wp-caption-text\">Musisches Zentrum (Bildquelle Filip Neag) <\/figcaption>\n\t\t\t\t\t\t\t\t\t\t<\/figure>\n\t\t\t\t\t\t\t\t\t<\/div>\n\t\t\t\t<\/div>\n\t\t\t\t<div class=\"elementor-element elementor-element-272aca9 elementor-widget elementor-widget-image\" data-id=\"272aca9\" data-element_type=\"widget\" data-e-type=\"widget\" data-widget_type=\"image.default\">\n\t\t\t\t<div class=\"elementor-widget-container\">\n\t\t\t\t\t\t\t\t\t\t\t\t<figure class=\"wp-caption\">\n\t\t\t\t\t\t\t\t\t\t<img decoding=\"async\" width=\"750\" height=\"753\" src=\"https:\/\/optio.ruhr-uni-bochum.de\/wp-content\/uploads\/2024\/02\/bilder2.jpg\" class=\"attachment-large size-large wp-image-9193\" alt=\"\" srcset=\"https:\/\/optio.ruhr-uni-bochum.de\/wp-content\/uploads\/2024\/02\/bilder2.jpg 760w, https:\/\/optio.ruhr-uni-bochum.de\/wp-content\/uploads\/2024\/02\/bilder2-300x300.jpg 300w, https:\/\/optio.ruhr-uni-bochum.de\/wp-content\/uploads\/2024\/02\/bilder2-150x150.jpg 150w\" sizes=\"(max-width: 750px) 100vw, 750px\" \/>\t\t\t\t\t\t\t\t\t\t\t<figcaption class=\"widget-image-caption wp-caption-text\">Musisches Zentrum (Bildquelle Filip Neag) <\/figcaption>\n\t\t\t\t\t\t\t\t\t\t<\/figure>\n\t\t\t\t\t\t\t\t\t<\/div>\n\t\t\t\t<\/div>\n\t\t\t\t\t<\/div>\n\t\t<\/div>\n\t\t\t\t<div class=\"elementor-column elementor-col-50 elementor-top-column elementor-element elementor-element-7eb7ce6a\" data-id=\"7eb7ce6a\" data-element_type=\"column\" data-e-type=\"column\">\n\t\t\t<div class=\"elementor-widget-wrap elementor-element-populated\">\n\t\t\t\t\t\t<div class=\"elementor-element elementor-element-78305861 elementor-widget__width-initial elementor-widget elementor-widget-text-editor\" data-id=\"78305861\" data-element_type=\"widget\" data-e-type=\"widget\" data-widget_type=\"text-editor.default\">\n\t\t\t\t<div class=\"elementor-widget-container\">\n\t\t\t\t\t\t\t\t\t<p>Das Musische Zentrum (MZ) bietet allen Studierenden der Ruhr-Universit\u00e4t Bochum die M\u00f6glichkeit, sich k\u00fcnstlerisch auszudr\u00fccken. Hier gibt es verschiedene Angebote aus den Bereichen Musik, Theater und Kunst. Die Veranstaltungen stehen nicht nur Studierendenoffen, die CPs im Optionalbereich erwerben m\u00f6chten, sondern auch den Mitarbeitenden der Ruhr- Universit\u00e4t Bochum. Studierende, die ihre k\u00fcnstlerischen F\u00e4higkeiten erweitern m\u00f6chten, ohne CPs zu erwerben, k\u00f6nnen ebenfalls teilnehmen und k\u00f6nnen dar\u00fcber hinaus neue Freundschaften schlie\u00dfen.<\/p><p>Im Wintersemester 2023\/2024 werden insgesamt zehn Seminare und Workshops angeboten, aus denen Studierende w\u00e4hlen k\u00f6nnen. Die Teilnehmenden haben die M\u00f6glichkeit, sich in diesem Semester sowohl an \u00d6lfarben als auch an plastischer Arbeit in Keramik zu versuchen. Auch wird Fotografie Angeboten; man erh\u00e4lt z.B Einblicke in die Arbeit in der Dunkelkammer, in der Fotos entwickelt werden oder sammelt Erfahrung mit der Kamera-Obscura.<\/p><p>Die Pl\u00e4tze in jedem Kurs und Workshop sind begrenzt und an die Bed\u00fcrfnisse der Studierenden angepasst. Im Bereich Kunst arbeiten die Teilnehmenden der Ruhr-Universit\u00e4t Bochum mit renommierten K\u00fcnstlern und K\u00fcnstlerinnen an verschiedenen Themen. Das Musische Zentrum stellt viele Ger\u00e4te und auch einige Materialien zur Verf\u00fcgung, jedoch m\u00fcssen die Teilnehmenden in der Regel f\u00fcnf bis zehn Euro f\u00fcr weiteres Material zur eigenen Nut- zung investieren.<\/p><p>Die Anmeldung ist unkompliziert und erfolgt f\u00fcr den Optionalbereich in der Regel \u00fcber die <a href=\"https:\/\/module.optio.ruhr-uni-bochum.de\/modules\">Modulsuche<\/a>. Alle Kurse und Seminare des MZ sind im allgemeinen Vorlesungsverzeichnis der RUB unter &#8222;zentrale Einrichtungen&#8220; aufgelistet. Studierende k\u00f6nnen sich \u00fcber eCampus f\u00fcr die Kurse im Optionalbereich anmelden oder f\u00fcr die Kurse und Workshops ohne CP-Erwerb in den jeweiligen Moodle-Kurs selbst\u00e4ndig einschreiben. In den Angeboten des Bereichs Kunst wird nicht nur die Entwicklung praktischer F\u00e4higkeiten gef\u00f6rdert, sondern auch die pers\u00f6nliche Entwicklung. Ein wichtiger Bestandteil der Angebote ist die Selbstreflexion, wodurch nicht nur die k\u00fcnstlerischen F\u00e4higkeiten entwickelt, sondern auch das Ich zum Erwachen gebracht wird.<\/p><p>Seminare und Workshops werden sowohl im Wintersemester als auch im Sommersemester angeboten. Zus\u00e4tzlich findet in der vorlesungsfreien Zeit nach dem Sommersemester eine einw\u00f6chige Summer School statt, in der sich die Studierenden eine Woche lang intensiv auf die k\u00fcnstlerische Arbeit konzentrieren k\u00f6nnen.<\/p><p>Am Ende des Semesters findet der <a href=\"https:\/\/mz-rub.de\/kunst_veranstaltunge\/rundgang_241-ausstellungseroeffnung\/\">Rundgang<\/a> mit Ausstellungser\u00f6ffnung statt, bei dem die Studierenden Arbeiten zeigen, die w\u00e4hrend des Semesters entstanden sind. W\u00e4hrend der Ausstellungser\u00f6ffnung k\u00f6nnen dann sogar die Ausstellenden zu ihrer Kunst befragt werden. Die Ausstellung im Foyer des MZ ist f\u00fcr Besucher*innen noch bis zum Ende des folgenden Semesters ge\u00f6ffnet. Die Arbeiten k\u00f6nnen betrachtet und reflektiert werden.<\/p><p>Die Anmeldefristen werden auf der <a href=\"https:\/\/mz-rub.de\/kunst\/\">Webseite<\/a> des Musischen Zentrums und im <a href=\"https:\/\/www.ruhr-uni-bochum.de\/ecampus\/ecampus-webclient\/login_studierende.html\">E-Campus<\/a> bekanntgegeben.<\/p><p>Autor: Filip Neag<\/p>\t\t\t\t\t\t\t\t<\/div>\n\t\t\t\t<\/div>\n\t\t\t\t\t<\/div>\n\t\t<\/div>\n\t\t\t\t\t<\/div>\n\t\t<\/section>\n\t\t\t\t<section class=\"elementor-section elementor-top-section elementor-element elementor-element-75c8f4ce elementor-section-boxed elementor-section-height-default elementor-section-height-default\" data-id=\"75c8f4ce\" data-element_type=\"section\" data-e-type=\"section\" data-settings=\"{&quot;_ha_eqh_enable&quot;:false}\">\n\t\t\t\t\t\t<div class=\"elementor-container elementor-column-gap-default\">\n\t\t\t\t\t<div class=\"elementor-column elementor-col-100 elementor-top-column elementor-element elementor-element-83f91e9\" data-id=\"83f91e9\" data-element_type=\"column\" data-e-type=\"column\">\n\t\t\t<div class=\"elementor-widget-wrap\">\n\t\t\t\t\t\t\t<\/div>\n\t\t<\/div>\n\t\t\t\t\t<\/div>\n\t\t<\/section>\n\t\t\t\t<\/div>\n\t\t","protected":false},"excerpt":{"rendered":"<p>Das Musische Zentrum (MZ) bietet allen Studierenden der Ruhr-Universit\u00e4t Bochum die M\u00f6glichkeit, sich k\u00fcnstlerisch auszudr\u00fccken. Hier gibt es verschiedene Angebote aus den Bereichen Musik, Theater und Kunst. Die Veranstaltungen stehen nicht nur Studierendenoffen, die CPs im Optionalbereich erwerben m\u00f6chten, sondern auch den Mitarbeitenden der Ruhr- Universit\u00e4t Bochum. Studierende, die ihre k\u00fcnstlerischen F\u00e4higkeiten erweitern m\u00f6chten, ohne CPs zu erwerben, k\u00f6nnen ebenfalls teilnehmen und k\u00f6nnen dar\u00fcber hinaus neue Freundschaften schlie\u00dfen.<\/p>\n","protected":false},"author":1,"featured_media":9202,"comment_status":"closed","ping_status":"closed","sticky":false,"template":"","format":"standard","meta":{"_themeisle_gutenberg_block_has_review":false,"footnotes":""},"categories":[28],"tags":[],"class_list":["post-9190","post","type-post","status-publish","format-standard","has-post-thumbnail","hentry","category-optioinside"],"_links":{"self":[{"href":"https:\/\/optio.ruhr-uni-bochum.de\/index.php\/wp-json\/wp\/v2\/posts\/9190","targetHints":{"allow":["GET"]}}],"collection":[{"href":"https:\/\/optio.ruhr-uni-bochum.de\/index.php\/wp-json\/wp\/v2\/posts"}],"about":[{"href":"https:\/\/optio.ruhr-uni-bochum.de\/index.php\/wp-json\/wp\/v2\/types\/post"}],"author":[{"embeddable":true,"href":"https:\/\/optio.ruhr-uni-bochum.de\/index.php\/wp-json\/wp\/v2\/users\/1"}],"replies":[{"embeddable":true,"href":"https:\/\/optio.ruhr-uni-bochum.de\/index.php\/wp-json\/wp\/v2\/comments?post=9190"}],"version-history":[{"count":39,"href":"https:\/\/optio.ruhr-uni-bochum.de\/index.php\/wp-json\/wp\/v2\/posts\/9190\/revisions"}],"predecessor-version":[{"id":9241,"href":"https:\/\/optio.ruhr-uni-bochum.de\/index.php\/wp-json\/wp\/v2\/posts\/9190\/revisions\/9241"}],"wp:featuredmedia":[{"embeddable":true,"href":"https:\/\/optio.ruhr-uni-bochum.de\/index.php\/wp-json\/wp\/v2\/media\/9202"}],"wp:attachment":[{"href":"https:\/\/optio.ruhr-uni-bochum.de\/index.php\/wp-json\/wp\/v2\/media?parent=9190"}],"wp:term":[{"taxonomy":"category","embeddable":true,"href":"https:\/\/optio.ruhr-uni-bochum.de\/index.php\/wp-json\/wp\/v2\/categories?post=9190"},{"taxonomy":"post_tag","embeddable":true,"href":"https:\/\/optio.ruhr-uni-bochum.de\/index.php\/wp-json\/wp\/v2\/tags?post=9190"}],"curies":[{"name":"wp","href":"https:\/\/api.w.org\/{rel}","templated":true}]}}