{"id":9258,"date":"2024-08-06T10:23:06","date_gmt":"2024-08-06T08:23:06","guid":{"rendered":"https:\/\/optio.ruhr-uni-bochum.de\/?p=9258"},"modified":"2024-08-06T10:23:07","modified_gmt":"2024-08-06T08:23:07","slug":"gruppenleiterinnen-gesucht-fuer-workcamps-2024","status":"publish","type":"post","link":"https:\/\/optio.ruhr-uni-bochum.de\/index.php\/gruppenleiterinnen-gesucht-fuer-workcamps-2024\/","title":{"rendered":"Gruppenleiter*innen gesucht f\u00fcr Workcamps 2024!"},"content":{"rendered":"\n<div class=\"wp-block-group has-medium-font-size\"><div class=\"wp-block-group__inner-container is-layout-constrained wp-block-group-is-layout-constrained\">\n<p>Sie suchen nach einer herausfordernden und bereichernden Erfahrung, bei der Sie nicht nur Ihr eigenes Potential entfalten, sondern auch anderen Menschen helfen k\u00f6nnen? Dann k\u00f6nnten die Workcamps 2024 genau das Richtige f\u00fcr Sie sein! Ein Workcamp bietet jungen Menschen im Alter von 16 bis 26 Jahren aus aller Welt die M\u00f6glichkeit, gemeinsam an gemeinn\u00fctzigen Projekten zu arbeiten, wertvolle Erfahrungen zu sammeln und unvergessliche Momente zu erleben.<\/p>\n\n\n\n<p><strong>Was ist ein Workcamp?<\/strong><\/p>\n\n\n\n<p>Ein internationales Workcamp in Deutschland bringt Menschen aus verschiedenen L\u00e4ndern zusammen, um gemeinsam zwei bis drei Wochen lang an einem gemeinn\u00fctzigen Projekt zu arbeiten. Die Internationalen Jugendgemeinschaftsdienste (ijgd) organisieren diese Workcamps und bieten den Teilnehmenden eine Aufwandsentsch\u00e4digung von 150\u20ac pro Woche, Erstattung der Reisekosten sowie kostenlose Unterkunft und Verpflegung. Zus\u00e4tzlich erhalten die Teilnehmenden Unterst\u00fctzung bei allen Fragen und Unsicherheiten, sowohl vor als auch w\u00e4hrend des Workcamps.<\/p>\n\n\n\n<p><strong>\u00dcber die ijgd:<\/strong><\/p>\n\n\n\n<p>Die ijgd f\u00fchren j\u00e4hrlich rund 45 internationale Jugendgemeinschaftsdienste und 10 Ausbildungsseminare in der Bundesrepublik durch, an denen etwa 1.500 junge Menschen aus aller Welt und Deutschland teilnehmen. Die Organisation bietet eine Vielzahl von Projekten und M\u00f6glichkeiten, sich zu engagieren und neue Erfahrungen zu sammeln.<\/p>\n\n\n\n<p><strong>Ihre Aufgaben als Gruppenleiter*in:<\/strong><\/p>\n\n\n\n<ul class=\"wp-block-list\">\n<li>Teilnahme an einem Ausbildungsseminar f\u00fcr angehende Workcampleiter*innen<\/li>\n\n\n\n<li>Unterst\u00fctzung der Gruppe beim allt\u00e4glichen Leben im Workcamp (Kochen, Freizeitgestaltung etc.)<\/li>\n\n\n\n<li>Kommunikation mit dem zust\u00e4ndigen ijgd-B\u00fcro und den Projektpartner*innen vor Ort<\/li>\n\n\n\n<li>Verwaltungsaufgaben (Bericht schreiben, Listen ausf\u00fcllen, Rechnungswesen)<\/li>\n<\/ul>\n\n\n\n<p><strong>Kontakt und Bewerbung:<\/strong><\/p>\n\n\n\n<p>Wenn Sie mindestens 18 Jahre alt sind und Interesse an der Arbeit mit internationalen Gruppen haben, dann k\u00f6nnte diese Gelegenheit genau das Richtige f\u00fcr Sie sein! Kontaktieren Sie Annett Schmidt &amp; Elena Pislari unter workcamps.leiten@ijgd.de oder telefonisch unter 0511-132297-54, um mehr \u00fcber die freien Leitungspl\u00e4tze und die Ausbildungsseminare zu erfahren. Weitere Informationen finden Sie auf der Website der ijgd.<\/p>\n\n\n\n<p><a href=\"http:\/\/www.ijgd.de\/workcamps\/freie-leitungsplaetze\">Liste mit allen freien Leitungspl\u00e4tzen<\/a><br><a href=\"https:\/\/example.com\/ausbildungsseminare\">Informationen zu <\/a><a href=\"http:\/\/www.ijgd.de\/workcamps\/ausbildung-gruppenleitung\">den Ausbildungsseminaren<\/a><\/p>\n\n\n\n<p>Nutzen Sie diese einzigartige Gelegenheit, diesen Sommer ein sinnvolles Projekt zu unterst\u00fctzen, Menschen aus aller Welt kennenzulernen und unvergessliche Erfahrungen zu sammeln. <\/p>\n<\/div><\/div>\n","protected":false},"excerpt":{"rendered":"<p>Sie suchen nach einer herausfordernden und bereichernden Erfahrung, bei der Sie nicht nur Ihr eigenes Potential entfalten, sondern auch anderen Menschen helfen k\u00f6nnen? Dann k\u00f6nnten die Workcamps 2024 genau das Richtige f\u00fcr Sie sein! Ein Workcamp bietet jungen Menschen im Alter von 16 bis 26 Jahren aus aller Welt die M\u00f6glichkeit, gemeinsam an gemeinn\u00fctzigen Projekten zu arbeiten, wertvolle Erfahrungen zu sammeln und unvergessliche Momente zu erleben.<\/p>\n","protected":false},"author":1,"featured_media":9259,"comment_status":"closed","ping_status":"closed","sticky":false,"template":"","format":"standard","meta":{"_themeisle_gutenberg_block_has_review":false,"footnotes":""},"categories":[22],"tags":[],"class_list":["post-9258","post","type-post","status-publish","format-standard","has-post-thumbnail","hentry","category-perspektiven"],"_links":{"self":[{"href":"https:\/\/optio.ruhr-uni-bochum.de\/index.php\/wp-json\/wp\/v2\/posts\/9258","targetHints":{"allow":["GET"]}}],"collection":[{"href":"https:\/\/optio.ruhr-uni-bochum.de\/index.php\/wp-json\/wp\/v2\/posts"}],"about":[{"href":"https:\/\/optio.ruhr-uni-bochum.de\/index.php\/wp-json\/wp\/v2\/types\/post"}],"author":[{"embeddable":true,"href":"https:\/\/optio.ruhr-uni-bochum.de\/index.php\/wp-json\/wp\/v2\/users\/1"}],"replies":[{"embeddable":true,"href":"https:\/\/optio.ruhr-uni-bochum.de\/index.php\/wp-json\/wp\/v2\/comments?post=9258"}],"version-history":[{"count":4,"href":"https:\/\/optio.ruhr-uni-bochum.de\/index.php\/wp-json\/wp\/v2\/posts\/9258\/revisions"}],"predecessor-version":[{"id":9263,"href":"https:\/\/optio.ruhr-uni-bochum.de\/index.php\/wp-json\/wp\/v2\/posts\/9258\/revisions\/9263"}],"wp:featuredmedia":[{"embeddable":true,"href":"https:\/\/optio.ruhr-uni-bochum.de\/index.php\/wp-json\/wp\/v2\/media\/9259"}],"wp:attachment":[{"href":"https:\/\/optio.ruhr-uni-bochum.de\/index.php\/wp-json\/wp\/v2\/media?parent=9258"}],"wp:term":[{"taxonomy":"category","embeddable":true,"href":"https:\/\/optio.ruhr-uni-bochum.de\/index.php\/wp-json\/wp\/v2\/categories?post=9258"},{"taxonomy":"post_tag","embeddable":true,"href":"https:\/\/optio.ruhr-uni-bochum.de\/index.php\/wp-json\/wp\/v2\/tags?post=9258"}],"curies":[{"name":"wp","href":"https:\/\/api.w.org\/{rel}","templated":true}]}}