{"id":9968,"date":"2024-06-24T13:39:32","date_gmt":"2024-06-24T11:39:32","guid":{"rendered":"https:\/\/optio.ruhr-uni-bochum.de\/?p=9968"},"modified":"2024-07-08T08:47:44","modified_gmt":"2024-07-08T06:47:44","slug":"im-gespraech-mit-prorektorin-prof-kornelia-freitag-unic-the-european-university-of-cities-in-post-industrial-transitionim-gespraech-mit-prorektorin-prof-kornelia-freitag","status":"publish","type":"post","link":"https:\/\/optio.ruhr-uni-bochum.de\/index.php\/im-gespraech-mit-prorektorin-prof-kornelia-freitag-unic-the-european-university-of-cities-in-post-industrial-transitionim-gespraech-mit-prorektorin-prof-kornelia-freitag\/","title":{"rendered":"Im Gespr\u00e4ch mit Prorektorin Prof. Kornelia Freitag: UNIC &#8211; The European University of Cities in Post-Industrial Transition"},"content":{"rendered":"\n<p class=\"has-medium-font-size\">Die Ruhr-Universit\u00e4t Bochum geh\u00f6rt seit 2020 zu UNIC &#8211; <em>The European University of Cities in Post-Industrial Transition<\/em> &#8211; und \u00f6ffnet seitdem Studierenden, Lehrenden und auch Besch\u00e4ftigten der RUB die Chance, sich international breiter aufzustellen. Im Gespr\u00e4ch mit Prorektorin Prof. Kornelia Freitag erfahren wir mehr \u00fcber die Entstehungsgeschichte dieser Allianz und die Bedeutung f\u00fcr unsere Universit\u00e4t.<\/p>\n\n\n\n<p class=\"has-medium-font-size\"><strong>Hallo Frau Freitag! Ich bedanke mich recht herzlich f\u00fcr dieses Interview. Beginnen wir doch ganz simpel: Wer sind Sie, was sind Ihre Aufgaben hier an der Universit\u00e4t und vor allem in Bezug auf UNIC?<\/strong><\/p>\n\n\n\n<p class=\"has-medium-font-size\">Ich bin die Prorektorin f\u00fcr Lehre und Studium an der Ruhr-Universit\u00e4t Bochum und bin jetzt in meiner zweiten Amtszeit. Meine Arbeit ist sehr vielf\u00e4ltig und betrifft Projekte und Entwicklungen im Bereich der Lehre. In unterschiedlicher Art und Weise bin ich zudem sehr stark in die Internationalisierung involviert; hier spielt <a href=\"https:\/\/www.unic.eu\/en\">UNIC<\/a> nat\u00fcrlich eine ganz gro\u00dfe Rolle. F\u00fcr uns ist das ein Projekt, welches zentral helfen soll, Studierende der Ruhr-Universit\u00e4t mehr daf\u00fcr zu begeistern, sich im Studium international aufzustellen, auch mal f\u00fcr ein paar Wochen oder ein Semester aus Bochum rauszugehen, Englisch zu sprechen und andere Lehr- und Forschungsans\u00e4tze kennenzulernen. Da wir das dringend brauchen, ist es eines der zentralen Themen in den letzten Jahren f\u00fcr mich gewesen.<\/p>\n\n\n\n<p class=\"has-medium-font-size\"><strong>W\u00e4hrend meiner Recherche f\u00fcr UNIC ist mir tats\u00e4chlich aufgefallen, dass zur Entstehungsgeschichte nicht viel aufzufinden war. W\u00fcrden Sie da etwas Licht ins Dunkel bringen?<\/strong><\/p>\n\n\n\n<p class=\"has-medium-font-size\">Wenn man das insgesamt einordnen m\u00f6chte, sollte man mit einer Rede von Emmanuel Macron vom 26.09.2017 anfangen, wo er als Vision formuliert hat:<\/p>\n\n\n\n<p class=\"has-accent-background-color has-background has-medium-font-size\">\u201c<em>We must create European universities, networks of universities which allow students to study abroad and follow classes in at least two languages<\/em>.\u201d<br>&#8211; Emmanuel Macron<\/p>\n\n\n\n<p class=\"has-medium-font-size\">Das ist von der Europ\u00e4ischen Union aufgegriffen und in einen Wettbewerb gebracht worden, bei dem sich Allianzen von Universit\u00e4ten aus unterschiedlichen Teilen Europas bewerben konnten, die vorhatten, insbesondere in der Lehre zusammenzuarbeiten.<\/p>\n\n\n\n<p class=\"has-medium-font-size\">Das war nat\u00fcrlich eine sehr interessante Idee, die genau zu dem Anliegen passte, den Studierenden an der Ruhr-Universit\u00e4t mehr M\u00f6glichkeiten zu bieten und Chancen zu er\u00f6ffnen, international zu studieren, internationale Erfahrungen zu machen, auch internationale Studierende auf dem Campus zu treffen und letztlich selbst aktiv zu werden bei der Internationalisierung. Die Idee war, Kooperationsm\u00f6glichkeiten zu schaffen, die stabiler universit\u00e4r flankiert und dadurch besser berechenbar waren als die normalen Erasmus Programme, bei denen man als einzelne*r Student*in hingeht und sich dann f\u00fcr allein durchk\u00e4mpft, wieder zur\u00fcckkommt und zusehen muss, was von dem im Ausland Geleisteten anerkannt wird. Mit den zun\u00e4chst sieben und jetzt neun Universit\u00e4ten in Bilbao, Cork, Istanbul, Lieg\u00e9, \u0141\u00f3d\u017a, Malm\u00f6, Oulu, Rotterdam und Zagreb haben wir Universit\u00e4ten gefunden, die \u00e4hnliche Visionen wie wir haben und die auch zu uns passen.Der Ansto\u00df ist aus der Universit\u00e4t Rotterdam gekommen und diese hat jetzt auch die Konsortialf\u00fchrerschaft inne.<\/p>\n\n\n\n<p class=\"has-medium-font-size\"><strong>Warum passt die RUB in diese Allianz?<\/strong><\/p>\n\n\n\n<p class=\"has-medium-font-size\">Wir haben uns den Namen \u201cEuropean University of Cities in Postindustrial &nbsp;Transition\u201d gegeben und das erkl\u00e4rt, warum die RUB, die eben in einer postindustriellen Stadt liegt, so gut dazu passt. Alle Universit\u00e4ten unseres Konsortiums liegen in St\u00e4dten, die vormals sehr stark durch Industrieproduktion gepr\u00e4gt waren. Diese Pr\u00e4gung ist bis heute in den Bauten, in der Zusammensetzung der Bewohner*innen zu sehen, obwohl die industrielle Produktion l\u00e4ngst nicht mehr die Bedeutung und das Bild der Stadt bestimmt. In Bochum hatten wir Stahl- und Kohleproduktion, die von Opel und Nokia abgel\u00f6st wurde, und jetzt ist die Wissensproduktion das Zentrum dessen, was Arbeitspl\u00e4tze schafft und was Bochum zu Bochum macht. Das schl\u00e4gt sich nat\u00fcrlich im Charakter der Region nieder und zeigt sich in unserer Studierendenschaft, die durch urspr\u00fcnglich industrielle Migration und durch zahlreiche Bildungsaufsteiger*innen gepr\u00e4gt ist. Wir haben eine traditionell sehr vielf\u00e4ltige Studierendenschaft.<\/p>\n\n\n\n<p class=\"has-medium-font-size\"><strong>Was folgt nun konkret aus dem Zusammenschluss?<\/strong><\/p>\n\n\n\n<p class=\"has-medium-font-size\">Wir haben zwei Joint Degrees, das hei\u00dft, gemeinsame Studieng\u00e4nge, er\u00f6ffnet: <a href=\"https:\/\/www.unic.eu\/en\/repic#all\">RePIC<\/a>, Redesigning the Post-industrial City, und <a href=\"https:\/\/www.unic.eu\/en\/seos\">SEOS<\/a>, Superdiversity in Education, Organisation and Society. Sie sind den gro\u00dfen Themen gewidmet &#8211; der postindustriellen Stadt und Superiversity &#8211; um die es uns in UNIC geht. Wie k\u00f6nnen Studierende dazu beitragen, postindustrielle St\u00e4dte lebenswert f\u00fcr ihre superdiverse Bev\u00f6lkerung zu machen? Das ist die Frage, die viele Aktivit\u00e4ten in UNIC bestimmt. Wir sind also wirklich davon getrieben, dass wir als Universit\u00e4ten eine gro\u00dfe Verantwortung f\u00fcr unsere St\u00e4dte haben. Wir m\u00f6chten daher unsere Studierenden vorbereiten, Verantwortung f\u00fcr den Wandel, der sich nicht nur in unseren St\u00e4dten, sondern auch an anderen Stellen in der Welt \u2013 und nicht nur in Europa \u2013 abspielt, zu \u00fcbernehmen und ihn aktiv mitzugestalten.<\/p>\n\n\n\n<p class=\"has-medium-font-size\"><strong>Gibt es eine weitere Universit\u00e4t, mit der Sie in Zukunft gern kooperieren m\u00f6chten?<\/strong><\/p>\n\n\n\n<p class=\"has-medium-font-size\">Nicht nur eine: Wir haben Verbindungen zu US-amerikanischen, ostasiatischen und afrikanischen Universit\u00e4ten. Es ist ganz wichtig, dass wir da weiter dran arbeiten. Gerade der globale S\u00fcden ist wichtig und nicht genug vernetzt, spielt aber eine immer gr\u00f6\u00dfer werdende Rolle in der Welt. Insofern ist es wichtig, dass wir uns nicht auf dieses europ\u00e4ische Konsortium beschr\u00e4nken, sondern dass wir weiter gehen. Wir haben zum Beispiel auch als Associated Partner die Universit\u00e4t Kiew. Auch wenn sie noch nicht berechtigt ist, EU-Mittel in diesem Programm zu bekommen, arbeiten wir intensiv zusammen, als wenn die Ukraine bereits dazugeh\u00f6ren w\u00fcrde. Auch mit Gro\u00dfbritannien, das durch den Brexit aus der EU ausgetreten ist und somit nicht an der im Moment von der EU finanzierten Initiative teilnehmen kann, arbeiten wir weiter zusammen.<\/p>\n\n\n\n<p class=\"has-medium-font-size\"><strong>Wo sehen Sie UNIC in der Zukunft?<\/strong><\/p>\n\n\n\n<p class=\"has-medium-font-size\">Der Slogan, den ich jetzt zitiere, stammt von einer Kollegin aus Cork:<\/p>\n\n\n\n<p class=\"has-accent-background-color has-background has-medium-font-size\">\u201c<em>It\u2019s not a project, it\u2019s our future\u201d<\/em><\/p>\n\n\n\n<p class=\"has-medium-font-size\">\u2013 in anderen Worten, wir werden UNIC zuk\u00fcnftig weiter in die Lehre und das Studium in Bochum einbinden. Die intensive Zusammenarbeit mit den anderen europ\u00e4ischen Universit\u00e4ten ist aus unserer Sicht wichtig f\u00fcr die Universit\u00e4ten, die St\u00e4dte aber vor allem f\u00fcr die Studierenden. Egal ob wir mit EU-Mitteln gef\u00f6rdert werden oder nicht, tragen wir diesen Gedanken weiter und integrieren ihn in die Arbeit unserer Universit\u00e4ten. Die zweite UNIC-Projektphase hat jetzt begonnen. Wenn man Netzwerke zwischen Universit\u00e4ten aufbaut, sollten das Langzeitprojekte sein, die man nicht nach wenigen Jahren wieder fallen l\u00e4sst. Wir werden in allen Bereichen zusammenarbeiten: neben der Lehre auch in Forschung, Transfer und durch <a href=\"https:\/\/www.youtube.com\/watch?v=oud6i6AzPm8\">CityLab-Projekte<\/a>. Das Zentrum wird weiter der Studierendenaustausch sein. Wir werden mehr Joint Degrees, Multiple Degrees, Virtual Exchanges, gemeinsame Projekte und Begegnungen initiieren und hier zudem die verst\u00e4rkte Kooperation mit den St\u00e4dten sowie auch die Zusammenarbeit der St\u00e4dte untereinander f\u00f6rdern, so dass auch sie anfangen miteinander zu reden und einander zu unterst\u00fctzen. Das machen wir in Bochum und an der RUB bereits sehr stark. Wir bilden also nicht nur f\u00fcr die Wissenschaft, sondern auch f\u00fcr die Wirtschaft und die gesamte Gesellschaft aus und &nbsp;versuchen, diesen Spirit verst\u00e4rkt in die Stadt und die Region zu tragen.<\/p>\n\n\n\n<p class=\"has-medium-font-size\">Mein Traum w\u00e4re, dass in den Studieng\u00e4ngen aller Fakult\u00e4ten ganz klar ist, dass sie immer eine UNIC-Komponente haben und die Studierenden dort immer aktiv sein k\u00f6nnen.<\/p>\n\n\n\n<p class=\"has-medium-font-size\"><strong>Wo werden Lehrveranstaltungen aus UNIC an der RUB konkret angeboten?<\/strong><\/p>\n\n\n\n<p class=\"has-medium-font-size\">Das ist unterschiedlich. Speziell im Optionalbereich gibt es zahlreiche UNIC-Module und man kann in der Modulsuche sogar explizit diese Angebote filtern. Und dann gibt es in allen Fakult\u00e4ten verschiedenste Angebote: von der Gastvorlesung und ge\u00f6ffneten Online- Kursen anderer Unis \u00fcber Angebote im forschenden Lernen und Challenges bis zu gemeinsamen Seminaren und Sommerschulen.&nbsp;&nbsp;&nbsp;<\/p>\n\n\n\n<p class=\"has-medium-font-size\"><strong>Sehen Sie denn schon erste Ergebnisse, die diese Projekte zeigen?<\/strong><\/p>\n\n\n\n<p class=\"has-medium-font-size\">Wir haben eine ganze Anzahl von Studierenden und Lehrenden, die sich bereits beteiligt haben und begeistert davon sprechen, an zum Beispiel einem <a href=\"https:\/\/lehreladen.rub.de\/lehrformate-methoden\/virtual-exchange\/\">Virtual Exchange<\/a> teilgenommen zu haben. Zudem interessieren sie sich auch weiterhin daf\u00fcr, was mit den Kommilitoninnen passiert, mit denen sie in virtuellen Projekten zusammengearbeitet haben. Spannend sind f\u00fcr sie auch Vergleiche: Wie studiert es sich hier und wie anderswo? Was funktioniert hier und was aber nicht woanders? Noch sind es viel zu wenige Studierende, die diese M\u00f6glichkeiten nutzen, aber ich hoffe sehr, dass immer mehr die Chance erkennen und ergreifen, sich an den M\u00f6glichkeiten, international zu studieren, zu beteiligen. Ich kann Studierende nur dazu aufrufen nachzufragen: Gehen Sie zu Ihren Studiendekan*innen, gehen sie zu Ihren Fachschaftsr\u00e4ten und fragen Sie, ob man gemeinsam etwas im Rahmen von UNIC machen k\u00f6nnte. Es soll Angebote in den Fakult\u00e4ten geben, die bepunktet werden und ganz regul\u00e4r ins Studium integriert sind. Angebote, die einem erm\u00f6glichen, Internationalisierung zuhause und im Ausland zu erfahren. Das muss sich weiter entwickeln.<\/p>\n\n\n\n<p class=\"has-medium-font-size\"><strong>Ich bedanke mich recht herzlich f\u00fcr das Interview mit Ihnen!<\/strong><\/p>\n\n\n\n<p>von Fatima-Zohra Bentahar<\/p>\n","protected":false},"excerpt":{"rendered":"<p>Die Ruhr-Universit\u00e4t Bochum geh\u00f6rt seit 2020 zu UNIC &#8211; The European University of Cities in Post-Industrial Transition &#8211; und \u00f6ffnet seitdem Studierenden, Lehrenden und auch Besch\u00e4ftigten der RUB die Chance, sich international breiter aufzustellen. Im Gespr\u00e4ch mit Prorektorin Prof. Kornelia Freitag erfahren wir mehr \u00fcber die Entstehungsgeschichte dieser Allianz und die Bedeutung f\u00fcr unsere Universit\u00e4t.<\/p>\n","protected":false},"author":1,"featured_media":9969,"comment_status":"closed","ping_status":"closed","sticky":false,"template":"","format":"standard","meta":{"_themeisle_gutenberg_block_has_review":false,"footnotes":""},"categories":[28],"tags":[],"class_list":["post-9968","post","type-post","status-publish","format-standard","has-post-thumbnail","hentry","category-optioinside"],"_links":{"self":[{"href":"https:\/\/optio.ruhr-uni-bochum.de\/index.php\/wp-json\/wp\/v2\/posts\/9968","targetHints":{"allow":["GET"]}}],"collection":[{"href":"https:\/\/optio.ruhr-uni-bochum.de\/index.php\/wp-json\/wp\/v2\/posts"}],"about":[{"href":"https:\/\/optio.ruhr-uni-bochum.de\/index.php\/wp-json\/wp\/v2\/types\/post"}],"author":[{"embeddable":true,"href":"https:\/\/optio.ruhr-uni-bochum.de\/index.php\/wp-json\/wp\/v2\/users\/1"}],"replies":[{"embeddable":true,"href":"https:\/\/optio.ruhr-uni-bochum.de\/index.php\/wp-json\/wp\/v2\/comments?post=9968"}],"version-history":[{"count":4,"href":"https:\/\/optio.ruhr-uni-bochum.de\/index.php\/wp-json\/wp\/v2\/posts\/9968\/revisions"}],"predecessor-version":[{"id":10011,"href":"https:\/\/optio.ruhr-uni-bochum.de\/index.php\/wp-json\/wp\/v2\/posts\/9968\/revisions\/10011"}],"wp:featuredmedia":[{"embeddable":true,"href":"https:\/\/optio.ruhr-uni-bochum.de\/index.php\/wp-json\/wp\/v2\/media\/9969"}],"wp:attachment":[{"href":"https:\/\/optio.ruhr-uni-bochum.de\/index.php\/wp-json\/wp\/v2\/media?parent=9968"}],"wp:term":[{"taxonomy":"category","embeddable":true,"href":"https:\/\/optio.ruhr-uni-bochum.de\/index.php\/wp-json\/wp\/v2\/categories?post=9968"},{"taxonomy":"post_tag","embeddable":true,"href":"https:\/\/optio.ruhr-uni-bochum.de\/index.php\/wp-json\/wp\/v2\/tags?post=9968"}],"curies":[{"name":"wp","href":"https:\/\/api.w.org\/{rel}","templated":true}]}}