{"id":9978,"date":"2024-07-03T08:57:01","date_gmt":"2024-07-03T06:57:01","guid":{"rendered":"https:\/\/optio.ruhr-uni-bochum.de\/?p=9978"},"modified":"2024-07-03T08:59:52","modified_gmt":"2024-07-03T06:59:52","slug":"inklusions-news-an-der-ruhr-universitaet-bochum-veranstaltungen-und-programme-fuer-den-sommer-2024","status":"publish","type":"post","link":"https:\/\/optio.ruhr-uni-bochum.de\/index.php\/inklusions-news-an-der-ruhr-universitaet-bochum-veranstaltungen-und-programme-fuer-den-sommer-2024\/","title":{"rendered":"Inklusions-News an der Ruhr-Universit\u00e4t Bochum: Veranstaltungen und Programme f\u00fcr den Sommer 2024"},"content":{"rendered":"\n<div class=\"wp-block-group has-medium-font-size is-vertical is-layout-flex wp-container-core-group-is-layout-fe9cc265 wp-block-group-is-layout-flex\">\n<div class=\"wp-block-group has-medium-font-size\"><div class=\"wp-block-group__inner-container is-layout-constrained wp-block-group-is-layout-constrained\">\n<p class=\"has-medium-font-size\">Herzlich willkommen zu einem neuen Update \u00fcber die spannenden und wichtigen Programme und Veranstaltungen rund um das Thema Inklusion an der Ruhr-Universit\u00e4t Bochum. Unsere Inklusionsmultiplikatorin der Fakult\u00e4t f\u00fcr Philologie informiert Sie \u00fcber aktuelle Kampagnen, Mentor*innen-Trainings und vieles mehr.<\/p>\n\n\n\n<hr class=\"wp-block-separator has-alpha-channel-opacity\"\/>\n\n\n\n<h4 class=\"wp-block-heading\">Kampagne: \u201eBube, Dame, Assistent*in\u201c &#8211; Pers\u00f6nliche Assistenz als Joboption<\/h4>\n\n\n\n<p>Die KSL (Kompetenzzentren Selbstbestimmt Leben) NRW haben eine Kampagne ins Leben gerufen, um Studierende f\u00fcr das Berufsfeld der Pers\u00f6nlichen Assistenz zu gewinnen. Das Ziel ist, Menschen mit Behinderung ein selbstbestimmtes Leben zu erm\u00f6glichen, indem sie Unterst\u00fctzung in ihrem Alltag erhalten. Die Kampagnenwebseite bietet zahlreiche Ressourcen wie Texte, Interviews, H\u00f6rbeitr\u00e4ge und Videos, die einen umfassenden Einblick in dieses Berufsfeld geben.<\/p>\n\n\n\n<p><strong>Wichtige Links:<\/strong><\/p>\n\n\n\n<ul class=\"wp-block-list\">\n<li><a href=\"https:\/\/www.ksl-nrw.de\/de\/assistenz\">Kampagnen-Homepage<\/a><\/li>\n<\/ul>\n\n\n\n<hr class=\"wp-block-separator has-alpha-channel-opacity\"\/>\n\n\n\n<h4 class=\"wp-block-heading\">Neuer Termin f\u00fcr das P2P-inklusiv Mentor*innen-Training am 15.\/16. August<\/h4>\n\n\n\n<p>Das Peer-to-Peer basierte Mentoring-Programm P2P-Inklusive vermittelt Studierende mit Behinderung an erfahrene Kommiliton<em>innen. Diese unterst\u00fctzen ihre Peers ehrenamtlich und teilen wertvolle Tipps und Erfahrungen. Das n\u00e4chste Training f\u00fcr zuk\u00fcnftige Mentor<\/em>innen findet am 15. und 16. August 2024 statt.<\/p>\n\n\n\n<p><strong>Wichtige Links:<\/strong><\/p>\n\n\n\n<ul class=\"wp-block-list\">\n<li><a href=\"https:\/\/www.rub.de\/p2p-inklusiv\">Mentoring-Programm P2P-Inklusiv<\/a><\/li>\n<\/ul>\n\n\n\n<hr class=\"wp-block-separator has-alpha-channel-opacity\"\/>\n\n\n\n<h4 class=\"wp-block-heading\">DAAD-Programm &#8222;Chancen.Digital &#8211; Stipendien f\u00fcr ein digitales Masterstudium im Ausland&#8220;<\/h4>\n\n\n\n<p>Der DAAD bietet mit dem Programm &#8222;Chancen.Digital&#8220; seit Mai 2023 Stipendien f\u00fcr Studierende an, die aus gesundheitlichen oder famili\u00e4ren Gr\u00fcnden nicht an einem physischen Auslandsaufenthalt teilnehmen k\u00f6nnen. Gef\u00f6rderte haben die M\u00f6glichkeit, von Deutschland aus einen Masterabschluss im Ausland zu erwerben.<\/p>\n\n\n\n<p><strong>Wichtige Links:<\/strong><\/p>\n\n\n\n<ul class=\"wp-block-list\">\n<li><a href=\"https:\/\/www.daad.de\/chancen-digital\">Chancen.Digital in der Stipendiendatenbank des DAAD<\/a><\/li>\n<\/ul>\n\n\n\n<hr class=\"wp-block-separator has-alpha-channel-opacity\"\/>\n\n\n\n<h4 class=\"wp-block-heading\">Filmvorf\u00fchrung: \u201eGl\u00fcck auf einer Skala von 1 bis 10\u201c am 10. Juli<\/h4>\n\n\n\n<p>Am Mittwoch, den 10. Juli, zeigt der Studienkreis Film in Kooperation mit dem Autonomen Referat des AStA den franz\u00f6sischen Film \u201ePresque\u201c in Originalsprache mit deutschen Untertiteln. Der Film basiert auf den Erfahrungen des franz\u00f6sischen Philosophen Alexandre Jollien, der mit zerebraler L\u00e4hmung lebt.<\/p>\n\n\n\n<p><strong>Veranstaltungsdetails:<\/strong><\/p>\n\n\n\n<ul class=\"wp-block-list\">\n<li><strong>Zeit:<\/strong> 19:30 Uhr<\/li>\n\n\n\n<li><strong>Ort:<\/strong> HZO 20<\/li>\n<\/ul>\n\n\n\n<p><strong>Wichtige Links:<\/strong><\/p>\n\n\n\n<ul class=\"wp-block-list\">\n<li><a href=\"https:\/\/www.instagram.com\/ar-mbsb\/\">Instagram-Post des AR-MBSB zur Veranstaltung<\/a><\/li>\n\n\n\n<li><a href=\"https:\/\/www.rub.de\/unikino\">Unikino an der RUB<\/a><\/li>\n\n\n\n<li><a href=\"https:\/\/www.deutscherverleih.de\">Film auf der Seite des deutschen Verleihs<\/a><\/li>\n<\/ul>\n\n\n\n<hr class=\"wp-block-separator has-alpha-channel-opacity\"\/>\n\n\n\n<h4 class=\"wp-block-heading\">Projektseminar-Vorstellung am 15. Juli<\/h4>\n\n\n\n<p>Im Optionalbereich-Seminar &#8222;Wer hat den Hut auf? Gruppen (an)leiten und Projekte managen&#8220; pr\u00e4sentieren B.A.-Studierende ihre Projekte. Eines dieser Projekte widmet sich der barrierefreien Navigation auf dem Campus. Ziel ist es, audiovisuelle Routen zu erstellen, die den Studierenden helfen sollen, sich besser zurechtzufinden.<\/p>\n\n\n\n<p><strong>Veranstaltungsdetails:<\/strong><\/p>\n\n\n\n<ul class=\"wp-block-list\">\n<li><strong>Zeit:<\/strong> 15:00 Uhr<\/li>\n\n\n\n<li><strong>Ort:<\/strong> GAFO 05\/609<\/li>\n<\/ul>\n\n\n\n<p><strong>Wichtige Links:<\/strong><\/p>\n\n\n\n<ul class=\"wp-block-list\">\n<li><a href=\"https:\/\/www.rub.de\/sommertermine\">RUB-News Artikel \u201eStudentische Sommertermine\u201c<\/a><\/li>\n\n\n\n<li><a href=\"https:\/\/www.rub.de\/vorlesungsverzeichnis\">Seminarbeschreibung im Vorlesungsverzeichnis<\/a><\/li>\n<\/ul>\n\n\n\n<hr class=\"wp-block-separator has-alpha-channel-opacity\"\/>\n\n\n\n<h4 class=\"wp-block-heading\">Termine regelm\u00e4\u00dfiger Veranstaltungen im Sommersemester 2024<\/h4>\n\n\n\n<h4 class=\"wp-block-heading\">Community-Treff des AR-MBSB des AStA am 8. Juli<\/h4>\n\n\n\n<p>Ein Angebot f\u00fcr Studierende mit Beeintr\u00e4chtigung, das im Kulturcaf\u00e9 des AStA stattfindet. Teilnehmende erhalten ein Freigetr\u00e4nk.<\/p>\n\n\n\n<p><strong>Veranstaltungsdetails:<\/strong><\/p>\n\n\n\n<ul class=\"wp-block-list\">\n<li><strong>Zeit:<\/strong> 16:00 &#8211; 18:30 Uhr<\/li>\n\n\n\n<li><strong>Ort:<\/strong> Kulturcaf\u00e9 des AStA (Geb\u00e4ude SH)<\/li>\n<\/ul>\n\n\n\n<p><strong>Wichtige Links:<\/strong><\/p>\n\n\n\n<ul class=\"wp-block-list\">\n<li><a href=\"https:\/\/www.instagram.com\/ar-mbsb\/\">Instagram-Kanal des AR-MBSB<\/a><\/li>\n<\/ul>\n\n\n\n<h4 class=\"wp-block-heading\">Erz\u00e4hlcaf\u00e9 am 9. Juli<\/h4>\n\n\n\n<p>In Zusammenarbeit mit dem Beratungszentrum zur Inklusion Behinderter (BZI) und der RUB wird das Erz\u00e4hlcaf\u00e9 organisiert. Es findet regelm\u00e4\u00dfig im BZI (Geb\u00e4ude SH) statt.<\/p>\n\n\n\n<p><strong>Veranstaltungsdetails:<\/strong><\/p>\n\n\n\n<ul class=\"wp-block-list\">\n<li><strong>Zeit:<\/strong> 17:00 &#8211; 18:30 Uhr<\/li>\n\n\n\n<li><strong>Ort:<\/strong> BZI (Geb\u00e4ude SH)<\/li>\n<\/ul>\n\n\n\n<p><strong>Wichtige Links:<\/strong><\/p>\n\n\n\n<ul class=\"wp-block-list\">\n<li><a href=\"https:\/\/www.rub.de\/erzaehlcafe\">Infoseite zum Erz\u00e4hlcaf\u00e9<\/a><\/li>\n<\/ul>\n\n\n\n<h4 class=\"wp-block-heading\">Stammtisch f\u00fcr von MS-Betroffene an der RUB<\/h4>\n\n\n\n<p>Leider muss der f\u00fcr den 25. Juli geplante Stammtisch krankheitsbedingt ausfallen. Neue Termine werden im n\u00e4chsten Semester bekanntgegeben.<\/p>\n\n\n\n<hr class=\"wp-block-separator has-alpha-channel-opacity\"\/>\n\n\n\n<p>F\u00fcr weitere Informationen oder R\u00fcckfragen steht Ihnen Andreas Hanka von der Servicestelle Inklusion gerne zur Verf\u00fcgung.<\/p>\n\n\n\n<p><strong>Kontakt:<\/strong><\/p>\n\n\n\n<ul class=\"wp-block-list\">\n<li><strong>Tel:<\/strong> +49(0)234\/32-24385<\/li>\n\n\n\n<li><strong>Mail:<\/strong> im-philologie@rub.de<\/li>\n<\/ul>\n\n\n\n<p><strong>Adresse:<\/strong><br>Ruhr-Universit\u00e4t Bochum<br>Dezernat 2 \u2013 Studierendenservice und International Office<br>Inklusive Hochschule<br>Universit\u00e4tsstr. 150, SSC 2\/123<br>44801 Bochum<\/p>\n\n\n\n<p>Weitere Informationen finden Sie auf der <a href=\"https:\/\/www.rub.de\/de\/inklusive-hochschule\">Webseite der Inklusiven Hochschule<\/a>.<\/p>\n\n\n\n<p><\/p>\n<\/div><\/div>\n<\/div>\n","protected":false},"excerpt":{"rendered":"<p>Herzlich willkommen zu einem neuen Update \u00fcber die spannenden und wichtigen Programme und Veranstaltungen rund um das Thema Inklusion an der Ruhr-Universit\u00e4t Bochum. Unsere Inklusionsmultiplikatorin der Fakult\u00e4t f\u00fcr Philologie informiert Sie \u00fcber aktuelle Kampagnen, Mentor*innen-Trainings und vieles mehr.<\/p>\n","protected":false},"author":1,"featured_media":9981,"comment_status":"closed","ping_status":"closed","sticky":false,"template":"","format":"standard","meta":{"_themeisle_gutenberg_block_has_review":false,"footnotes":""},"categories":[22],"tags":[],"class_list":["post-9978","post","type-post","status-publish","format-standard","has-post-thumbnail","hentry","category-perspektiven"],"_links":{"self":[{"href":"https:\/\/optio.ruhr-uni-bochum.de\/index.php\/wp-json\/wp\/v2\/posts\/9978","targetHints":{"allow":["GET"]}}],"collection":[{"href":"https:\/\/optio.ruhr-uni-bochum.de\/index.php\/wp-json\/wp\/v2\/posts"}],"about":[{"href":"https:\/\/optio.ruhr-uni-bochum.de\/index.php\/wp-json\/wp\/v2\/types\/post"}],"author":[{"embeddable":true,"href":"https:\/\/optio.ruhr-uni-bochum.de\/index.php\/wp-json\/wp\/v2\/users\/1"}],"replies":[{"embeddable":true,"href":"https:\/\/optio.ruhr-uni-bochum.de\/index.php\/wp-json\/wp\/v2\/comments?post=9978"}],"version-history":[{"count":7,"href":"https:\/\/optio.ruhr-uni-bochum.de\/index.php\/wp-json\/wp\/v2\/posts\/9978\/revisions"}],"predecessor-version":[{"id":9987,"href":"https:\/\/optio.ruhr-uni-bochum.de\/index.php\/wp-json\/wp\/v2\/posts\/9978\/revisions\/9987"}],"wp:featuredmedia":[{"embeddable":true,"href":"https:\/\/optio.ruhr-uni-bochum.de\/index.php\/wp-json\/wp\/v2\/media\/9981"}],"wp:attachment":[{"href":"https:\/\/optio.ruhr-uni-bochum.de\/index.php\/wp-json\/wp\/v2\/media?parent=9978"}],"wp:term":[{"taxonomy":"category","embeddable":true,"href":"https:\/\/optio.ruhr-uni-bochum.de\/index.php\/wp-json\/wp\/v2\/categories?post=9978"},{"taxonomy":"post_tag","embeddable":true,"href":"https:\/\/optio.ruhr-uni-bochum.de\/index.php\/wp-json\/wp\/v2\/tags?post=9978"}],"curies":[{"name":"wp","href":"https:\/\/api.w.org\/{rel}","templated":true}]}}